{"id":98226,"date":"2026-01-12T06:40:06","date_gmt":"2026-01-12T12:40:06","guid":{"rendered":"https:\/\/elinformante.mx\/?p=98226"},"modified":"2026-01-12T06:42:47","modified_gmt":"2026-01-12T12:42:47","slug":"encabezo-delfina-gomez-primera-faena-de-limpiemos-nuestro-edomex-del-2026","status":"publish","type":"post","link":"https:\/\/elinformante.mx\/?p=98226","title":{"rendered":"Encabez\u00f3 Delfina G\u00f3mez primera faena de \u201cLimpiemos Nuestro Edom\u00e9x\u201d del 2026"},"content":{"rendered":"\n<figure class=\"wp-block-pullquote\"><blockquote><p>-Participaron poco m\u00e1s de 200 servidores p\u00fablicos voluntarios en acciones de limpieza a lo largo de un kil\u00f3metro de la calle Nicol\u00e1s Bravo.<\/p><\/blockquote><\/figure>\n\n\n\n<p class=\"has-drop-cap\">La gobernadora Delfina G\u00f3mez \u00c1lvarez arranc\u00f3 en Toluca la primera faena de la campa\u00f1a \u201cLimpiemos Nuestro Edom\u00e9x\u201d de este 2026.<br><\/p>\n\n\n\n<p>Con la participaci\u00f3n de 202 servidores p\u00fablicos, se dio continuidad a la limpieza en el primer cuadro de la capital mexiquense, espec\u00edficamente a lo largo de un kil\u00f3metro de la calle Nicol\u00e1s Bravo, desde Paseo Matlazincas hasta Palacio de Gobierno.<br><\/p>\n\n\n\n<p>Al iniciar la jornada, la gobernadora Delfina G\u00f3mez \u00c1lvarez reconoci\u00f3 a las y los voluntarios gubernamentales por sumarse a dichas acciones orientadas al rescate del entorno urbano pr\u00f3ximo a la sede del Poder Ejecutivo. Dijo que han sido bien recibidas por la ciudadan\u00eda.<br><\/p>\n\n\n\n<figure class=\"wp-block-image size-large\"><img fetchpriority=\"high\" decoding=\"async\" width=\"1024\" height=\"506\" src=\"https:\/\/elinformante.mx\/wp-content\/uploads\/2026\/01\/8delfina-2-2-1024x506.jpg\" alt=\"\" class=\"wp-image-98230\" srcset=\"https:\/\/elinformante.mx\/wp-content\/uploads\/2026\/01\/8delfina-2-2-1024x506.jpg 1024w, https:\/\/elinformante.mx\/wp-content\/uploads\/2026\/01\/8delfina-2-2-300x148.jpg 300w, https:\/\/elinformante.mx\/wp-content\/uploads\/2026\/01\/8delfina-2-2-768x379.jpg 768w, https:\/\/elinformante.mx\/wp-content\/uploads\/2026\/01\/8delfina-2-2.jpg 1140w\" sizes=\"(max-width: 1024px) 100vw, 1024px\" \/><\/figure>\n\n\n\n<p>\u201cLimpiemos Nuestro Edom\u00e9x\u201d es una iniciativa de la gobernadora Delfina G\u00f3mez \u00c1lvarez, iniciada en septiembre de 2024, con el prop\u00f3sito de sumar voluntades en acciones de limpieza para rescatar espacios urbanos, cuerpos de agua y evitar encharcamientos en la \u00e9poca de lluvias.<br><\/p>\n\n\n\n<p>En esta ocasi\u00f3n participaron trabajadores de las \u00e1reas de Vocer\u00eda, Giras y Log\u00edstica, Eventos Especiales, Atenci\u00f3n Ciudadana, Ayudant\u00eda, Junta de Caminos, y se cont\u00f3 con elementos de la Secretar\u00eda de Seguridad del Estado de M\u00e9xico.<br><\/p>\n\n\n\n<p>Equipados con palas, escobas, costales, carretillas, entre otras herramientas, las y los servidores p\u00fablicos trabajaron durante dos horas para retirar basura y yerba de guarniciones, banquetas y parte de la calle Nicol\u00e1s Bravo, y en tramos de las vialidades Aztl\u00e1n, Aztecas, Tolotzin, Pedro Cortes, Federico Hardy, Manuel Alas y Santos Degollado.<br><\/p>\n\n\n\n<figure class=\"wp-block-image size-large\"><img decoding=\"async\" width=\"1024\" height=\"506\" src=\"https:\/\/elinformante.mx\/wp-content\/uploads\/2026\/01\/8delfina-3-2-1024x506.jpg\" alt=\"\" class=\"wp-image-98231\" srcset=\"https:\/\/elinformante.mx\/wp-content\/uploads\/2026\/01\/8delfina-3-2-1024x506.jpg 1024w, https:\/\/elinformante.mx\/wp-content\/uploads\/2026\/01\/8delfina-3-2-300x148.jpg 300w, https:\/\/elinformante.mx\/wp-content\/uploads\/2026\/01\/8delfina-3-2-768x379.jpg 768w, https:\/\/elinformante.mx\/wp-content\/uploads\/2026\/01\/8delfina-3-2.jpg 1140w\" sizes=\"(max-width: 1024px) 100vw, 1024px\" \/><\/figure>\n\n\n\n<p>Los trabajos dieron paso a acciones de balizado por parte de personal de la Junta de Caminos del Estado de M\u00e9xico.<br><\/p>\n\n\n\n<p>Al t\u00e9rmino, la gobernadora Delfina G\u00f3mez realiz\u00f3 un recorrido y salud\u00f3 a comerciantes, vecinos y transe\u00fantes, a quienes extern\u00f3 el compromiso de servicio de su administraci\u00f3n. Les informo que se contempla llevar a cabo acciones de iluminaci\u00f3n, as\u00ed como de pintado de fachadas con la colaboraci\u00f3n de vecinos.<br><\/p>\n\n\n\n<p>En el recorrido la acompa\u00f1\u00f3 el Encargado del Despacho de la Junta de Caminos, Joel Gonz\u00e1lez Toral, y el Director General de Servicios P\u00fablicos del Municipio de Toluca, Gustavo Anaya Maya.<\/p>\n","protected":false},"excerpt":{"rendered":"<p>-Participaron poco m\u00e1s de 200 servidores p\u00fablicos voluntarios en acciones de limpieza a lo largo de un kil\u00f3metro de la calle Nicol\u00e1s Bravo. La gobernadora Delfina G\u00f3mez \u00c1lvarez arranc\u00f3 en Toluca la primera faena de la campa\u00f1a \u201cLimpiemos Nuestro Edom\u00e9x\u201d de este 2026. Con la participaci\u00f3n de 202 servidores p\u00fablicos, se dio continuidad a la [&hellip;]<\/p>\n","protected":false},"author":1,"featured_media":98229,"comment_status":"closed","ping_status":"closed","sticky":false,"template":"","format":"standard","meta":{"footnotes":""},"categories":[30,36,31],"tags":[46],"class_list":["post-98226","post","type-post","status-publish","format-standard","has-post-thumbnail","hentry","category-destacado","category-edomex","category-portada","tag-portadaedomex"],"_links":{"self":[{"href":"https:\/\/elinformante.mx\/index.php?rest_route=\/wp\/v2\/posts\/98226","targetHints":{"allow":["GET"]}}],"collection":[{"href":"https:\/\/elinformante.mx\/index.php?rest_route=\/wp\/v2\/posts"}],"about":[{"href":"https:\/\/elinformante.mx\/index.php?rest_route=\/wp\/v2\/types\/post"}],"author":[{"embeddable":true,"href":"https:\/\/elinformante.mx\/index.php?rest_route=\/wp\/v2\/users\/1"}],"replies":[{"embeddable":true,"href":"https:\/\/elinformante.mx\/index.php?rest_route=%2Fwp%2Fv2%2Fcomments&post=98226"}],"version-history":[{"count":0,"href":"https:\/\/elinformante.mx\/index.php?rest_route=\/wp\/v2\/posts\/98226\/revisions"}],"wp:featuredmedia":[{"embeddable":true,"href":"https:\/\/elinformante.mx\/index.php?rest_route=\/wp\/v2\/media\/98229"}],"wp:attachment":[{"href":"https:\/\/elinformante.mx\/index.php?rest_route=%2Fwp%2Fv2%2Fmedia&parent=98226"}],"wp:term":[{"taxonomy":"category","embeddable":true,"href":"https:\/\/elinformante.mx\/index.php?rest_route=%2Fwp%2Fv2%2Fcategories&post=98226"},{"taxonomy":"post_tag","embeddable":true,"href":"https:\/\/elinformante.mx\/index.php?rest_route=%2Fwp%2Fv2%2Ftags&post=98226"}],"curies":[{"name":"wp","href":"https:\/\/api.w.org\/{rel}","templated":true}]}}