{"id":98228,"date":"2026-01-12T06:51:00","date_gmt":"2026-01-12T12:51:00","guid":{"rendered":"https:\/\/elinformante.mx\/?p=98228"},"modified":"2026-01-12T06:51:03","modified_gmt":"2026-01-12T12:51:03","slug":"en-cdmx-se-asegura-la-atencion-a-304-perros-resguardados-en-el-ajusco","status":"publish","type":"post","link":"https:\/\/elinformante.mx\/?p=98228","title":{"rendered":"En CDMX se asegura la atenci\u00f3n a 304 perros resguardados en el Ajusco"},"content":{"rendered":"\n<figure class=\"wp-block-pullquote\"><blockquote><p>Se encuentra desplegado un equipo de 15 m\u00e9dicos veterinarios en el refugio del Ajusco.<\/p><\/blockquote><\/figure>\n\n\n\n<p class=\"has-drop-cap\">Los 304 ejemplares resguardados del Refugio Franciscano que fueron trasladados a las instalaciones del albergue ambiental del Ajusco, en Tlalpan, evolucionan favorablemente y se han acoplado al nuevo espacio.<br><\/p>\n\n\n\n<p>El m\u00e9dico veterinario Roberto Cordero, director del Hospital Veterinario de la Ciudad de M\u00e9xico, explic\u00f3 que estos perros rescatados fueron evaluados por especialistas y diagnosticados con problemas dermatol\u00f3gicos y lesiones diversas.<br><\/p>\n\n\n\n<p>\u201cTenemos que solucionar bastantes problemas de salud, como son temas dermatol\u00f3gicos, temas de perritos con algunas lesiones que tienen en la piel o lesiones que son degenerativas\u201d, explic\u00f3 Cordero al destacar la labor de las y los m\u00e9dicos a cargo de la atenci\u00f3n de estos seres sintientes.<br><\/p>\n\n\n\n<p>Para estas atenciones se encuentra desplegado un equipo de 15 m\u00e9dicos veterinarios en el refugio del Ajusco, quienes realizan el expediente m\u00e9dico individual de los caninos, adem\u00e1s de los tratamientos pertinentes para cada ejemplar.<br><\/p>\n\n\n\n<p>Los especialistas laboran por turnos, ma\u00f1ana, tarde y noche, a fin de garantizar la atenci\u00f3n las 24 horas de los siete d\u00edas de la semana.<br><\/p>\n\n\n\n<p>De los 304 perros resguardados en el refugio del Ajusco, un 25% son de edad avanzada, 7% se encuentran entre los 5 y 6 a\u00f1os, y los restantes son ejemplares j\u00f3venes; todos cuentan con un techo digno y reciben alimentos, agua, as\u00ed como juguetes para favorecer su esparcimiento y desarrollo social, todo esto como parte de su recuperaci\u00f3n.<br><\/p>\n\n\n\n<p>En relaci\u00f3n con videos que circulan en redes sociales exponiendo supuestas condiciones adversas para el resto de los perros rescatados del Refugio Franciscano \u2013371 llevados a las instalaciones de la Brigada de Vigilancia Animal y 183 a un refugio temporal en la Utop\u00eda Gustavo A. Madero\u2013, la Secretar\u00eda del Medio Ambiente (Sedema), a trav\u00e9s de la Agencia de Atenci\u00f3n Animal (Agatan), explic\u00f3 que se est\u00e1n adecuando los lugares, como en su momento se hizo con el recinto de la alcald\u00eda Tlalpan.<br><\/p>\n\n\n\n<p>En el caso del inmueble en Tlalpan las condiciones son aptas para los 304 perros que se encuentran en el lugar, sin embargo, las Secretar\u00edas de Medio Ambiente (Sedema) y de Obras y Servicios (Sobse) van a trabajar coordinadamente para mejorar las condiciones.<\/p>\n","protected":false},"excerpt":{"rendered":"<p>Se encuentra desplegado un equipo de 15 m\u00e9dicos veterinarios en el refugio del Ajusco. Los 304 ejemplares resguardados del Refugio Franciscano que fueron trasladados a las instalaciones del albergue ambiental del Ajusco, en Tlalpan, evolucionan favorablemente y se han acoplado al nuevo espacio. El m\u00e9dico veterinario Roberto Cordero, director del Hospital Veterinario de la Ciudad [&hellip;]<\/p>\n","protected":false},"author":1,"featured_media":98233,"comment_status":"closed","ping_status":"closed","sticky":false,"template":"","format":"standard","meta":{"footnotes":""},"categories":[35],"tags":[],"class_list":["post-98228","post","type-post","status-publish","format-standard","has-post-thumbnail","hentry","category-cdmx"],"_links":{"self":[{"href":"https:\/\/elinformante.mx\/index.php?rest_route=\/wp\/v2\/posts\/98228","targetHints":{"allow":["GET"]}}],"collection":[{"href":"https:\/\/elinformante.mx\/index.php?rest_route=\/wp\/v2\/posts"}],"about":[{"href":"https:\/\/elinformante.mx\/index.php?rest_route=\/wp\/v2\/types\/post"}],"author":[{"embeddable":true,"href":"https:\/\/elinformante.mx\/index.php?rest_route=\/wp\/v2\/users\/1"}],"replies":[{"embeddable":true,"href":"https:\/\/elinformante.mx\/index.php?rest_route=%2Fwp%2Fv2%2Fcomments&post=98228"}],"version-history":[{"count":0,"href":"https:\/\/elinformante.mx\/index.php?rest_route=\/wp\/v2\/posts\/98228\/revisions"}],"wp:featuredmedia":[{"embeddable":true,"href":"https:\/\/elinformante.mx\/index.php?rest_route=\/wp\/v2\/media\/98233"}],"wp:attachment":[{"href":"https:\/\/elinformante.mx\/index.php?rest_route=%2Fwp%2Fv2%2Fmedia&parent=98228"}],"wp:term":[{"taxonomy":"category","embeddable":true,"href":"https:\/\/elinformante.mx\/index.php?rest_route=%2Fwp%2Fv2%2Fcategories&post=98228"},{"taxonomy":"post_tag","embeddable":true,"href":"https:\/\/elinformante.mx\/index.php?rest_route=%2Fwp%2Fv2%2Ftags&post=98228"}],"curies":[{"name":"wp","href":"https:\/\/api.w.org\/{rel}","templated":true}]}}