{"id":98236,"date":"2026-01-12T06:58:44","date_gmt":"2026-01-12T12:58:44","guid":{"rendered":"https:\/\/elinformante.mx\/?p=98236"},"modified":"2026-01-12T06:58:52","modified_gmt":"2026-01-12T12:58:52","slug":"en-cdmx-el-futbol-se-vive-sin-exclusiones-clara-brugada","status":"publish","type":"post","link":"https:\/\/elinformante.mx\/?p=98236","title":{"rendered":"En CDMX el f\u00fatbol se vive sin exclusiones: Clara Brugada"},"content":{"rendered":"\n<figure class=\"wp-block-pullquote\"><blockquote><p>-Arrancaron los Octavos de Final del Torneo Infantil de la Ciudad de M\u00e9xico Ollamaliztli<\/p><\/blockquote><\/figure>\n\n\n\n<p class=\"has-drop-cap\">Rumbo al Mundial, la ciudad se transforma desde el barrio: canchas que se construyen, espacios que se recuperan y vuelven a llenarse de vida.<br><\/p>\n\n\n\n<p>En el torneo Ollamaliztli, miles de jugadas, celebraciones y goles han convertido el deporte en comunidad. La pelota vuelve a casa.<br><\/p>\n\n\n\n<p>Equipos de talla baja y personas con discapacidad visual tienen hoy canchas adaptadas y espacios pensados para jugar en igualdad.<br><\/p>\n\n\n\n<p>As\u00ed lo inform\u00f3 la Jefa de Gobierno de la CDMX, Clara Brugada Molina, al dar inicio este fin de semana a los partidos correspondientes a los octavos de final del Torneo Oficial de F\u00fatbol Infantil Comunitario Ollamaliztli, Etapa Interalcald\u00edas, coordinado por la Secretar\u00eda de Turismo, el Instituto del Deporte (INDEPORTE) y el Subsistema de Educaci\u00f3n Comunitaria PILARES.<br><\/p>\n\n\n\n<figure class=\"wp-block-image size-large\"><img fetchpriority=\"high\" decoding=\"async\" width=\"1024\" height=\"506\" src=\"https:\/\/elinformante.mx\/wp-content\/uploads\/2026\/01\/5clara-2-1-1024x506.jpeg\" alt=\"\" class=\"wp-image-98240\" srcset=\"https:\/\/elinformante.mx\/wp-content\/uploads\/2026\/01\/5clara-2-1-1024x506.jpeg 1024w, https:\/\/elinformante.mx\/wp-content\/uploads\/2026\/01\/5clara-2-1-300x148.jpeg 300w, https:\/\/elinformante.mx\/wp-content\/uploads\/2026\/01\/5clara-2-1-768x379.jpeg 768w, https:\/\/elinformante.mx\/wp-content\/uploads\/2026\/01\/5clara-2-1.jpeg 1140w\" sizes=\"(max-width: 1024px) 100vw, 1024px\" \/><\/figure>\n\n\n\n<p>En cuatro canchas ubicadas en el Deportivo Mixiuhca, de la alcald\u00eda Iztacalco, jugaron cada 60 minutos, desde las 9 horas y hasta 16 horas, distintos equipos de las divisiones varoniles 2009-2010 y las femeniles 2013-2014 y 2011-2012.<br><\/p>\n\n\n\n<p>Cabe recordar que la participaci\u00f3n en el Torneo Ollamaliztli es totalmente gratuita durante todas sus etapas y cuenta con cuatro categor\u00edas de acuerdo al a\u00f1o de nacimiento de las y los participantes \u2013de 2009 a 2016\u2013.<br><\/p>\n\n\n\n<p>Entre los equipos que se registraron para este fin de semana, se encuentran: Ford 20 y Villareal, de \u00c1lvaro Obreg\u00f3n; Amazonas, de Cuauht\u00e9moc; Osunitas, de Gustavo A. Madero; Brena, de Tlalpan; Start, de Milpa Alta, y Zamora City, de Tl\u00e1huac, entre otros.<br><\/p>\n\n\n\n<p>Asimismo, las y los ganadores del torneo recibir\u00e1n premios enmarcados en la Copa Mundial de la FIFA 2026TM, acceso a eventos exclusivos, becas para finalistas, productos oficiales de los patrocinadores, as\u00ed como distintas experiencias que solo puede dejar un evento de talla internacional que no se vive todos los d\u00edas.<br><\/p>\n\n\n\n<p>M\u00e1s de 3 mil 500 ni\u00f1as y ni\u00f1os del Subsistema de Educaci\u00f3n Comunitaria PILARES participan en este Torneo Oficial de F\u00fatbol Infantil.<\/p>\n","protected":false},"excerpt":{"rendered":"<p>-Arrancaron los Octavos de Final del Torneo Infantil de la Ciudad de M\u00e9xico Ollamaliztli Rumbo al Mundial, la ciudad se transforma desde el barrio: canchas que se construyen, espacios que se recuperan y vuelven a llenarse de vida. En el torneo Ollamaliztli, miles de jugadas, celebraciones y goles han convertido el deporte en comunidad. La [&hellip;]<\/p>\n","protected":false},"author":1,"featured_media":98239,"comment_status":"closed","ping_status":"closed","sticky":false,"template":"","format":"standard","meta":{"footnotes":""},"categories":[35,30],"tags":[],"class_list":["post-98236","post","type-post","status-publish","format-standard","has-post-thumbnail","hentry","category-cdmx","category-destacado"],"_links":{"self":[{"href":"https:\/\/elinformante.mx\/index.php?rest_route=\/wp\/v2\/posts\/98236","targetHints":{"allow":["GET"]}}],"collection":[{"href":"https:\/\/elinformante.mx\/index.php?rest_route=\/wp\/v2\/posts"}],"about":[{"href":"https:\/\/elinformante.mx\/index.php?rest_route=\/wp\/v2\/types\/post"}],"author":[{"embeddable":true,"href":"https:\/\/elinformante.mx\/index.php?rest_route=\/wp\/v2\/users\/1"}],"replies":[{"embeddable":true,"href":"https:\/\/elinformante.mx\/index.php?rest_route=%2Fwp%2Fv2%2Fcomments&post=98236"}],"version-history":[{"count":0,"href":"https:\/\/elinformante.mx\/index.php?rest_route=\/wp\/v2\/posts\/98236\/revisions"}],"wp:featuredmedia":[{"embeddable":true,"href":"https:\/\/elinformante.mx\/index.php?rest_route=\/wp\/v2\/media\/98239"}],"wp:attachment":[{"href":"https:\/\/elinformante.mx\/index.php?rest_route=%2Fwp%2Fv2%2Fmedia&parent=98236"}],"wp:term":[{"taxonomy":"category","embeddable":true,"href":"https:\/\/elinformante.mx\/index.php?rest_route=%2Fwp%2Fv2%2Fcategories&post=98236"},{"taxonomy":"post_tag","embeddable":true,"href":"https:\/\/elinformante.mx\/index.php?rest_route=%2Fwp%2Fv2%2Ftags&post=98236"}],"curies":[{"name":"wp","href":"https:\/\/api.w.org\/{rel}","templated":true}]}}