{"id":98243,"date":"2026-01-12T07:04:18","date_gmt":"2026-01-12T13:04:18","guid":{"rendered":"https:\/\/elinformante.mx\/?p=98243"},"modified":"2026-01-12T07:04:23","modified_gmt":"2026-01-12T13:04:23","slug":"no-hay-negociacion-en-la-independencia-y-soberania-de-la-patria-sheinbaum","status":"publish","type":"post","link":"https:\/\/elinformante.mx\/?p=98243","title":{"rendered":"\u201cNo hay negociaci\u00f3n en la independencia y soberan\u00eda de la Patria\u201d: Sheinbaum"},"content":{"rendered":"\n<figure class=\"wp-block-pullquote\"><blockquote><p>-Sostuvo que la relaci\u00f3n con Estados Unidos y con cualquier pa\u00eds del mundo se basa en el di\u00e1logo, la colaboraci\u00f3n y la coordinaci\u00f3n, sin subordinaci\u00f3n.<\/p><\/blockquote><\/figure>\n\n\n\n<p class=\"has-drop-cap\">Desde Petatl\u00e1n, Guerrero, la presidenta Claudia Sheinbaum Pardo reiter\u00f3 que la independencia y soberan\u00eda de la patria no est\u00e1n a negociaci\u00f3n y sostuvo que la relaci\u00f3n con Estados Unidos y con cualquier pa\u00eds del mundo se basa en el di\u00e1logo, la colaboraci\u00f3n y la coordinaci\u00f3n, sin subordinaci\u00f3n.<br><\/p>\n\n\n\n<p>\u201cSiempre decimos que cuando dialogamos con cualquier pa\u00eds del mundo, y en particular con Estados Unidos, podemos colaborar, podemos coordinarnos, somos vecinos, queremos a nuestros hermanos mexicanos que vivan bien del otro lado de la frontera, pero, como he dicho, nos coordinamos, colaboramos, pero nunca nos subordinamos, somos dos pa\u00edses iguales. Y platicamos, negociamos, trabajamos, pero hay algo que no est\u00e1 a negociaci\u00f3n: y eso es la independencia y la soberan\u00eda de la patria\u201d, expres\u00f3 durante su visita a Guerrero para entregar tarjetas de los Programas para el Bienestar.<br><\/p>\n\n\n\n<p>Despu\u00e9s de 36 a\u00f1os de gobiernos neoliberales, enfatiz\u00f3, la Cuarta Transformaci\u00f3n logr\u00f3 sacar de la pobreza a 13.5 millones de mexicanas y mexicanos, gracias al aumento gradual del 150 por ciento al salario m\u00ednimo y la implementaci\u00f3n de los Programas para el Bienestar.<br><\/p>\n\n\n\n<figure class=\"wp-block-image size-large\"><img fetchpriority=\"high\" decoding=\"async\" width=\"1024\" height=\"506\" src=\"https:\/\/elinformante.mx\/wp-content\/uploads\/2026\/01\/3no-hay-2-1024x506.jpg\" alt=\"\" class=\"wp-image-98248\" srcset=\"https:\/\/elinformante.mx\/wp-content\/uploads\/2026\/01\/3no-hay-2-1024x506.jpg 1024w, https:\/\/elinformante.mx\/wp-content\/uploads\/2026\/01\/3no-hay-2-300x148.jpg 300w, https:\/\/elinformante.mx\/wp-content\/uploads\/2026\/01\/3no-hay-2-768x379.jpg 768w, https:\/\/elinformante.mx\/wp-content\/uploads\/2026\/01\/3no-hay-2.jpg 1140w\" sizes=\"(max-width: 1024px) 100vw, 1024px\" \/><figcaption class=\"wp-element-caption\">L\u00e1zaro C\u00e1rdenas, Michoac\u00e1n. M\u00e9xico. 11 de enero 2026. La presidenta constitucional de los Estados Unidos Mexicanos, la Doctora Claudia Sheinbaum Pardo en Programas para el Bienestar. La acompa\u00f1an: Alfredo Ram\u00edrez Bedolla, Gobernador Constitucional del Estado de Michoac\u00e1n; Ariadna Montiel Reyes, Secretaria de Bienestar; Jes\u00fas Antonio Esteva Medina, Secretario de Infraestructura Comunicaciones y Transportes; Luz Elena Gonz\u00e1lez Escobar, Secretaria de Energ\u00eda; Jes\u00fas Salvador Vale ncia Guzm\u00e1n , Subsecretario de Bienestar; Zo\u00e9 Robledo Aburto, Director General de l IMSS; V\u00edctor Rodr\u00edguez Padilla, Director General de PEMEX; Sebasti\u00e1n Ram\u00edrez Mendoza, Director General de FONATUR; Carlos Torres Rosas, Coordinador General de Programas para el Bienestar; Leticia Ram\u00edrez Amaya, Coordinadora de Asuntos Gubernamentales; Blanca Estela Sierra Bustos, Beneficiaria del Programa Pensi\u00f3n Mujeres Bienestar; Esteban D\u00edaz Rosas, Beneficiario del Programa Pensi\u00f3n Adultos Mayores; B\u00e1rbara de la Rosa Perd\u00f3n, Beneficiaria del Programa Pensi\u00f3n Mujeres Bienestar; Miguel Valencia Renterias, Beneficiario del Programa Pensi\u00f3n Adultos Mayores. Foto: Hazel C\u00e1rdenas\/Presidencia<\/figcaption><\/figure>\n\n\n\n<p>Inform\u00f3 que este a\u00f1o, el Gobierno de M\u00e9xico invertir\u00e1 un bill\u00f3n de pesos en los Programas para el Bienestar y resalt\u00f3 que muchos de ellos, como la Pensi\u00f3n para el Bienestar de Personas Adultas Mayores, son derechos ya establecidos en la Constituci\u00f3n.<br><\/p>\n\n\n\n<p>Adicional a los Programas para el Bienestar, la Jefa del Poder Ejecutivo anunci\u00f3 el fortalecimiento del programa de pavimentaci\u00f3n de carreteras federales y nuevos caminos, en coordinaci\u00f3n con el Gobierno de Guerrero.<br><\/p>\n\n\n\n<p>La gobernadora de Guerrero, Evelyn Salgado Pineda, puntualiz\u00f3 que, en la entidad, cuatro de cada 10 guerrerenses reciben alguno de los Programas para el Bienestar y reconoci\u00f3 la visi\u00f3n de la presidenta por elevar estos programas a derechos establecidos en la Constituci\u00f3n Pol\u00edtica de los Estados Unidos Mexicanos.<\/p>\n","protected":false},"excerpt":{"rendered":"<p>-Sostuvo que la relaci\u00f3n con Estados Unidos y con cualquier pa\u00eds del mundo se basa en el di\u00e1logo, la colaboraci\u00f3n y la coordinaci\u00f3n, sin subordinaci\u00f3n. Desde Petatl\u00e1n, Guerrero, la presidenta Claudia Sheinbaum Pardo reiter\u00f3 que la independencia y soberan\u00eda de la patria no est\u00e1n a negociaci\u00f3n y sostuvo que la relaci\u00f3n con Estados Unidos y [&hellip;]<\/p>\n","protected":false},"author":1,"featured_media":98247,"comment_status":"closed","ping_status":"closed","sticky":false,"template":"","format":"standard","meta":{"footnotes":""},"categories":[34],"tags":[],"class_list":["post-98243","post","type-post","status-publish","format-standard","has-post-thumbnail","hentry","category-nacional"],"_links":{"self":[{"href":"https:\/\/elinformante.mx\/index.php?rest_route=\/wp\/v2\/posts\/98243","targetHints":{"allow":["GET"]}}],"collection":[{"href":"https:\/\/elinformante.mx\/index.php?rest_route=\/wp\/v2\/posts"}],"about":[{"href":"https:\/\/elinformante.mx\/index.php?rest_route=\/wp\/v2\/types\/post"}],"author":[{"embeddable":true,"href":"https:\/\/elinformante.mx\/index.php?rest_route=\/wp\/v2\/users\/1"}],"replies":[{"embeddable":true,"href":"https:\/\/elinformante.mx\/index.php?rest_route=%2Fwp%2Fv2%2Fcomments&post=98243"}],"version-history":[{"count":0,"href":"https:\/\/elinformante.mx\/index.php?rest_route=\/wp\/v2\/posts\/98243\/revisions"}],"wp:featuredmedia":[{"embeddable":true,"href":"https:\/\/elinformante.mx\/index.php?rest_route=\/wp\/v2\/media\/98247"}],"wp:attachment":[{"href":"https:\/\/elinformante.mx\/index.php?rest_route=%2Fwp%2Fv2%2Fmedia&parent=98243"}],"wp:term":[{"taxonomy":"category","embeddable":true,"href":"https:\/\/elinformante.mx\/index.php?rest_route=%2Fwp%2Fv2%2Fcategories&post=98243"},{"taxonomy":"post_tag","embeddable":true,"href":"https:\/\/elinformante.mx\/index.php?rest_route=%2Fwp%2Fv2%2Ftags&post=98243"}],"curies":[{"name":"wp","href":"https:\/\/api.w.org\/{rel}","templated":true}]}}