{"id":98251,"date":"2026-01-12T07:08:13","date_gmt":"2026-01-12T13:08:13","guid":{"rendered":"https:\/\/elinformante.mx\/?p=98251"},"modified":"2026-01-12T07:08:20","modified_gmt":"2026-01-12T13:08:20","slug":"senado-respalda-a-sheinbaum-ante-amenazas-de-ee-uu","status":"publish","type":"post","link":"https:\/\/elinformante.mx\/?p=98251","title":{"rendered":"Senado respalda a Sheinbaum ante amenazas de EE.UU."},"content":{"rendered":"\n<figure class=\"wp-block-pullquote\"><blockquote><p>El Senado se seguir\u00e1 trabajando con energ\u00eda a favor de la soberan\u00eda nacional y en defensa de la patria.<\/p><\/blockquote><\/figure>\n\n\n\n<p class=\"has-drop-cap\">La presidenta del Senado mexicano, Laura Itzel Castillo Ju\u00e1rez, extendi\u00f3 su respaldo a la pol\u00edtica exterior responsable, sustentada en el respeto y la cooperaci\u00f3n entre pa\u00edses, guiada por la presidenta de M\u00e9xico, Claudia Sheinbaum, luego de que el mandatario estadounidense, Donald Trump, asegurara que va a empezar a atacar por tierra a los c\u00e1rteles mexicanos.<br><\/p>\n\n\n\n<p>\u201cM\u00e9xico cuenta con un proyecto de naci\u00f3n que reivindica la soberan\u00eda de los pueblos y su autodeterminaci\u00f3n para definir su destino\u201d, destac\u00f3 Castillo en un video publicado en sus redes sociales.<br><\/p>\n\n\n\n<p>Reiter\u00f3 que desde el Senado se seguir\u00e1 trabajando con energ\u00eda a favor de la soberan\u00eda nacional y en defensa de la patria.<br><\/p>\n\n\n\n<p>Tambi\u00e9n reafirm\u00f3 que sustentan que el eje de la pol\u00edtica exterior en M\u00e9xico responde a la no intervenci\u00f3n y el derecho a la autodeterminaci\u00f3n de los pueblos, conceptos incluidos en el art\u00edculo 89 de la Constituci\u00f3n mexicana.<br><\/p>\n\n\n\n<p>Defendi\u00f3 los preceptos del derecho internacional, que plantean que debe haber di\u00e1logo para la resoluci\u00f3n de los conflictos.<br><\/p>\n\n\n\n<p>Y refrend\u00f3 su apoyo a Sheinbaum y la postura del Gobierno de M\u00e9xico de siempre considerar la cooperaci\u00f3n y nunca la subordinaci\u00f3n y menos a\u00fan la intervenci\u00f3n.<br><\/p>\n\n\n\n<p>Castillo subray\u00f3 en su mensaje que Sheinbaum cuenta con el 70 % de aprobaci\u00f3n de la poblaci\u00f3n mexicana y que obtuvo la titularidad del poder Ejecutivo a trav\u00e9s de las urnas con 36 millones de votos, lo que nunca en la historia ning\u00fan presidente de la Rep\u00fablica hab\u00eda tenido en este pa\u00eds.<br><\/p>\n\n\n\n<p>Esta es una de las tantas respuestas que se suman a la emitida por la presidenta Claudia Sheinbaum, tras se\u00f1alar que con EE.UU. habr\u00e1 coordinaci\u00f3n, pero que la independencia y la soberan\u00eda de la patria no est\u00e1n a negociaci\u00f3n tras la amenaza de Trump de empezar a atacar por tierra a los carteles mexicanos.<br><\/p>\n\n\n\n<p>Las declaraciones del mandatario estadounidense contra M\u00e9xico se dieron tras la intervenci\u00f3n militar de Estados Unidos en Venezuela el pasado 3 de enero, que culmin\u00f3 con la detenci\u00f3n del presidente Nicol\u00e1s Maduro y su esposa, Cilia Flores, quienes posteriormente fueron trasladados a Nueva York, donde enfrentan un juicio por narcotr\u00e1fico, entre otros delitos.<\/p>\n","protected":false},"excerpt":{"rendered":"<p>El Senado se seguir\u00e1 trabajando con energ\u00eda a favor de la soberan\u00eda nacional y en defensa de la patria. La presidenta del Senado mexicano, Laura Itzel Castillo Ju\u00e1rez, extendi\u00f3 su respaldo a la pol\u00edtica exterior responsable, sustentada en el respeto y la cooperaci\u00f3n entre pa\u00edses, guiada por la presidenta de M\u00e9xico, Claudia Sheinbaum, luego de [&hellip;]<\/p>\n","protected":false},"author":1,"featured_media":98253,"comment_status":"closed","ping_status":"closed","sticky":false,"template":"","format":"standard","meta":{"footnotes":""},"categories":[30,34,31],"tags":[],"class_list":["post-98251","post","type-post","status-publish","format-standard","has-post-thumbnail","hentry","category-destacado","category-nacional","category-portada"],"_links":{"self":[{"href":"https:\/\/elinformante.mx\/index.php?rest_route=\/wp\/v2\/posts\/98251","targetHints":{"allow":["GET"]}}],"collection":[{"href":"https:\/\/elinformante.mx\/index.php?rest_route=\/wp\/v2\/posts"}],"about":[{"href":"https:\/\/elinformante.mx\/index.php?rest_route=\/wp\/v2\/types\/post"}],"author":[{"embeddable":true,"href":"https:\/\/elinformante.mx\/index.php?rest_route=\/wp\/v2\/users\/1"}],"replies":[{"embeddable":true,"href":"https:\/\/elinformante.mx\/index.php?rest_route=%2Fwp%2Fv2%2Fcomments&post=98251"}],"version-history":[{"count":0,"href":"https:\/\/elinformante.mx\/index.php?rest_route=\/wp\/v2\/posts\/98251\/revisions"}],"wp:featuredmedia":[{"embeddable":true,"href":"https:\/\/elinformante.mx\/index.php?rest_route=\/wp\/v2\/media\/98253"}],"wp:attachment":[{"href":"https:\/\/elinformante.mx\/index.php?rest_route=%2Fwp%2Fv2%2Fmedia&parent=98251"}],"wp:term":[{"taxonomy":"category","embeddable":true,"href":"https:\/\/elinformante.mx\/index.php?rest_route=%2Fwp%2Fv2%2Fcategories&post=98251"},{"taxonomy":"post_tag","embeddable":true,"href":"https:\/\/elinformante.mx\/index.php?rest_route=%2Fwp%2Fv2%2Ftags&post=98251"}],"curies":[{"name":"wp","href":"https:\/\/api.w.org\/{rel}","templated":true}]}}