{"id":98254,"date":"2026-01-12T07:20:40","date_gmt":"2026-01-12T13:20:40","guid":{"rendered":"https:\/\/elinformante.mx\/?p=98254"},"modified":"2026-01-12T07:20:44","modified_gmt":"2026-01-12T13:20:44","slug":"mexico-mantiene-buena-coordinacion-de-seguridad-con-eua-garcia-harfuch","status":"publish","type":"post","link":"https:\/\/elinformante.mx\/?p=98254","title":{"rendered":"M\u00c9XICO MANTIENE BUENA COORDINACI\u00d3N DE SEGURIDAD CON EUA: GARC\u00cdA HARFUCH"},"content":{"rendered":"\n<figure class=\"wp-block-pullquote\"><blockquote><p>Se\u00f1al\u00f3 el secretario de Seguridad y Protecci\u00f3n Ciudadana que el trabajo continuar\u00e1 por el bien de ambas naciones.<\/p><\/blockquote><\/figure>\n\n\n\n<p class=\"has-drop-cap\">Omar Garc\u00eda Harfuch, secretario de Seguridad y Protecci\u00f3n Ciudadana (SSPC), se\u00f1al\u00f3 que el gobierno de M\u00e9xico sostiene comunicaci\u00f3n permanente con Estados Unidos y que incluso se ha fortalecido la coordinaci\u00f3n con sus instituciones de seguridad.<br><\/p>\n\n\n\n<figure class=\"wp-block-image size-large\"><img fetchpriority=\"high\" decoding=\"async\" width=\"1024\" height=\"506\" src=\"https:\/\/elinformante.mx\/wp-content\/uploads\/2026\/01\/9mexico-4-portada-1024x506.jpg\" alt=\"\" class=\"wp-image-98256\" srcset=\"https:\/\/elinformante.mx\/wp-content\/uploads\/2026\/01\/9mexico-4-portada-1024x506.jpg 1024w, https:\/\/elinformante.mx\/wp-content\/uploads\/2026\/01\/9mexico-4-portada-300x148.jpg 300w, https:\/\/elinformante.mx\/wp-content\/uploads\/2026\/01\/9mexico-4-portada-768x379.jpg 768w, https:\/\/elinformante.mx\/wp-content\/uploads\/2026\/01\/9mexico-4-portada.jpg 1140w\" sizes=\"(max-width: 1024px) 100vw, 1024px\" \/><\/figure>\n\n\n\n<p>Durante la conferencia de prensa que ofreci\u00f3, Garc\u00eda Harfuch se\u00f1al\u00f3 que se mantienen encuentros permanentes con las dependencias del gobierno estadunidense, adem\u00e1s de mantener un intercambio de informaci\u00f3n en beneficio de ambos pa\u00edses.<br><\/p>\n\n\n\n<p>Se\u00f1al\u00f3: \u201cTenemos una permanente comunicaci\u00f3n con las instituciones de seguridad de Estados Unidos. Constantemente tenemos operaciones, detenciones y extradiciones, como siempre se informa. Esto no ha cambiado, cada vez se ha estrechado m\u00e1s la coordinaci\u00f3n\u201d.<br><\/p>\n\n\n\n<figure class=\"wp-block-image size-large\"><img decoding=\"async\" width=\"1024\" height=\"506\" src=\"https:\/\/elinformante.mx\/wp-content\/uploads\/2026\/01\/9mexico-2-1024x506.jpg\" alt=\"\" class=\"wp-image-98257\" srcset=\"https:\/\/elinformante.mx\/wp-content\/uploads\/2026\/01\/9mexico-2-1024x506.jpg 1024w, https:\/\/elinformante.mx\/wp-content\/uploads\/2026\/01\/9mexico-2-300x148.jpg 300w, https:\/\/elinformante.mx\/wp-content\/uploads\/2026\/01\/9mexico-2-768x379.jpg 768w, https:\/\/elinformante.mx\/wp-content\/uploads\/2026\/01\/9mexico-2.jpg 1140w\" sizes=\"(max-width: 1024px) 100vw, 1024px\" \/><\/figure>\n\n\n\n<p>Mientras que el secretario de la Defensa Nacional, el general Ricardo Trevilla, descart\u00f3 que se registren sobrevuelos de aeronaves extranjeras en territorio mexicano, e indic\u00f3 que se trata de equipos que integran el gabinete de Seguridad.<br><\/p>\n\n\n\n<p>\u201cTodo est\u00e1 controlado por el Centro Nacional de Vigilancia, adem\u00e1s, por la Agencia Federal de Aviaci\u00f3n Civil, y se lleva un seguimiento muy puntual. No ha habido sobrevuelos de aeronaves extranjeras en territorio nacional\u201d.<br><\/p>\n\n\n\n<figure class=\"wp-block-image size-large\"><img decoding=\"async\" width=\"1024\" height=\"506\" src=\"https:\/\/elinformante.mx\/wp-content\/uploads\/2026\/01\/9mexico-1-1024x506.jpg\" alt=\"\" class=\"wp-image-98258\" srcset=\"https:\/\/elinformante.mx\/wp-content\/uploads\/2026\/01\/9mexico-1-1024x506.jpg 1024w, https:\/\/elinformante.mx\/wp-content\/uploads\/2026\/01\/9mexico-1-300x148.jpg 300w, https:\/\/elinformante.mx\/wp-content\/uploads\/2026\/01\/9mexico-1-768x379.jpg 768w, https:\/\/elinformante.mx\/wp-content\/uploads\/2026\/01\/9mexico-1.jpg 1140w\" sizes=\"(max-width: 1024px) 100vw, 1024px\" \/><\/figure>\n\n\n\n<p>Garc\u00eda Harfuch tambi\u00e9n inform\u00f3 que autoridades federales y del estado de Michoac\u00e1n cumplimentaron \u00f3rdenes de aprehensi\u00f3n por homicidio y lesiones dolosas contra dos hombres m\u00e1s que presuntamente estar\u00edan relacionados con el homicidio del presidente municipal de Uruapan, Carlos Manzo.<br><\/p>\n\n\n\n<p>Se\u00f1al\u00f3 que se trata de Samuel \u2018N\u2019, quien se desempe\u00f1aba como director de Relaciones P\u00fablicas y Protocolo, as\u00ed como un taxista identificado como Josu\u00e9 Elogio \u2018N\u2019, alias Viejito.<\/p>\n","protected":false},"excerpt":{"rendered":"<p>Se\u00f1al\u00f3 el secretario de Seguridad y Protecci\u00f3n Ciudadana que el trabajo continuar\u00e1 por el bien de ambas naciones. Omar Garc\u00eda Harfuch, secretario de Seguridad y Protecci\u00f3n Ciudadana (SSPC), se\u00f1al\u00f3 que el gobierno de M\u00e9xico sostiene comunicaci\u00f3n permanente con Estados Unidos y que incluso se ha fortalecido la coordinaci\u00f3n con sus instituciones de seguridad. Durante la [&hellip;]<\/p>\n","protected":false},"author":1,"featured_media":98255,"comment_status":"closed","ping_status":"closed","sticky":false,"template":"","format":"standard","meta":{"footnotes":""},"categories":[30,34,31],"tags":[47],"class_list":["post-98254","post","type-post","status-publish","format-standard","has-post-thumbnail","hentry","category-destacado","category-nacional","category-portada","tag-portadanacional"],"_links":{"self":[{"href":"https:\/\/elinformante.mx\/index.php?rest_route=\/wp\/v2\/posts\/98254","targetHints":{"allow":["GET"]}}],"collection":[{"href":"https:\/\/elinformante.mx\/index.php?rest_route=\/wp\/v2\/posts"}],"about":[{"href":"https:\/\/elinformante.mx\/index.php?rest_route=\/wp\/v2\/types\/post"}],"author":[{"embeddable":true,"href":"https:\/\/elinformante.mx\/index.php?rest_route=\/wp\/v2\/users\/1"}],"replies":[{"embeddable":true,"href":"https:\/\/elinformante.mx\/index.php?rest_route=%2Fwp%2Fv2%2Fcomments&post=98254"}],"version-history":[{"count":0,"href":"https:\/\/elinformante.mx\/index.php?rest_route=\/wp\/v2\/posts\/98254\/revisions"}],"wp:featuredmedia":[{"embeddable":true,"href":"https:\/\/elinformante.mx\/index.php?rest_route=\/wp\/v2\/media\/98255"}],"wp:attachment":[{"href":"https:\/\/elinformante.mx\/index.php?rest_route=%2Fwp%2Fv2%2Fmedia&parent=98254"}],"wp:term":[{"taxonomy":"category","embeddable":true,"href":"https:\/\/elinformante.mx\/index.php?rest_route=%2Fwp%2Fv2%2Fcategories&post=98254"},{"taxonomy":"post_tag","embeddable":true,"href":"https:\/\/elinformante.mx\/index.php?rest_route=%2Fwp%2Fv2%2Ftags&post=98254"}],"curies":[{"name":"wp","href":"https:\/\/api.w.org\/{rel}","templated":true}]}}