{"id":98264,"date":"2026-01-13T05:57:29","date_gmt":"2026-01-13T11:57:29","guid":{"rendered":"https:\/\/elinformante.mx\/?p=98264"},"modified":"2026-01-13T05:57:32","modified_gmt":"2026-01-13T11:57:32","slug":"ariana-grande-se-manifiesta-en-contra-de-las-redadas-migrantes","status":"publish","type":"post","link":"https:\/\/elinformante.mx\/?p=98264","title":{"rendered":"Ariana Grande se manifiesta en contra de las redadas migrantes"},"content":{"rendered":"\n<figure class=\"wp-block-pullquote\"><blockquote><p>Arrib\u00f3 a la gala luciendo un sofisticado vestido negro que resaltaba su notable evoluci\u00f3n f\u00edsica y un estilo que sus seguidores han calificado como un retorno a su esencia m\u00e1s aut\u00e9ntica.<\/p><\/blockquote><\/figure>\n\n\n\n<p class=\"has-drop-cap\">Durante la edici\u00f3n 83 de los Golden Globes, la cantante y actriz Ariana Grande acapar\u00f3 todas las miradas, no solo por su elegancia, sino por un contundente mensaje de solidaridad hacia la comunidad migrante en los Estados Unidos.<br><\/p>\n\n\n\n<p>Arrib\u00f3 a la gala luciendo un sofisticado vestido negro que resaltaba su notable evoluci\u00f3n f\u00edsica y un estilo que sus seguidores han calificado como un retorno a su esencia m\u00e1s aut\u00e9ntica.<br><\/p>\n\n\n\n<p>Pero m\u00e1s all\u00e1 de la moda, el detalle que se volvi\u00f3 tendencia mundial fue un peque\u00f1o accesorio en su solapa que pocos notaron a simple vista, pero distintos medios destacaron el hecho por ser una protesta silenciosa\u201d.<br><\/p>\n\n\n\n<p>Portaba un pin con la leyenda \u201cICE OUT\u201d, una referencia directa al Servicio de Inmuebles y Aduanas. Este gesto surge como una cr\u00edtica frontal a las t\u00e1cticas de detenci\u00f3n y redadas que la actual administraci\u00f3n ha intensificado en las \u00faltimas semanas, incluyendo incidentes que se han vuelto virales por presuntos abusos de autoridad contra mujeres y familias latinas.<br><\/p>\n\n\n\n<figure class=\"wp-block-image size-large\"><img fetchpriority=\"high\" decoding=\"async\" width=\"1024\" height=\"506\" src=\"https:\/\/elinformante.mx\/wp-content\/uploads\/2026\/01\/15ariadna-1024x506.jpg\" alt=\"\" class=\"wp-image-98267\" srcset=\"https:\/\/elinformante.mx\/wp-content\/uploads\/2026\/01\/15ariadna-1024x506.jpg 1024w, https:\/\/elinformante.mx\/wp-content\/uploads\/2026\/01\/15ariadna-300x148.jpg 300w, https:\/\/elinformante.mx\/wp-content\/uploads\/2026\/01\/15ariadna-768x379.jpg 768w, https:\/\/elinformante.mx\/wp-content\/uploads\/2026\/01\/15ariadna.jpg 1140w\" sizes=\"(max-width: 1024px) 100vw, 1024px\" \/><\/figure>\n\n\n\n<p>Ariana fue de las figuras m\u00e1s visibles en utilizar su plataforma para manifestarse en contra de estas pol\u00edticas. El uso del pin se interpreta como una muestra de apoyo expl\u00edcito a los inmigrantes, exigiendo un cese a las persecuciones que muchos consideran injustificadas.<br><\/p>\n\n\n\n<p>La protesta de la cantante no fue un hecho aislado.<br><\/p>\n\n\n\n<p>Otros actores de alto perfil como Mark Ruffalo tambi\u00e9n se sumaron a la causa, levantando la voz en contra de las redadas migratorias durante la velada.<br><\/p>\n\n\n\n<p>Este movimiento conjunto subraya una creciente preocupaci\u00f3n en Hollywood sobre la situaci\u00f3n de vulnerabilidad que enfrenta la comunidad latina.<\/p>\n","protected":false},"excerpt":{"rendered":"<p>Arrib\u00f3 a la gala luciendo un sofisticado vestido negro que resaltaba su notable evoluci\u00f3n f\u00edsica y un estilo que sus seguidores han calificado como un retorno a su esencia m\u00e1s aut\u00e9ntica. Durante la edici\u00f3n 83 de los Golden Globes, la cantante y actriz Ariana Grande acapar\u00f3 todas las miradas, no solo por su elegancia, sino [&hellip;]<\/p>\n","protected":false},"author":1,"featured_media":98266,"comment_status":"closed","ping_status":"closed","sticky":false,"template":"","format":"standard","meta":{"footnotes":""},"categories":[39],"tags":[],"class_list":["post-98264","post","type-post","status-publish","format-standard","has-post-thumbnail","hentry","category-espectaculos"],"_links":{"self":[{"href":"https:\/\/elinformante.mx\/index.php?rest_route=\/wp\/v2\/posts\/98264","targetHints":{"allow":["GET"]}}],"collection":[{"href":"https:\/\/elinformante.mx\/index.php?rest_route=\/wp\/v2\/posts"}],"about":[{"href":"https:\/\/elinformante.mx\/index.php?rest_route=\/wp\/v2\/types\/post"}],"author":[{"embeddable":true,"href":"https:\/\/elinformante.mx\/index.php?rest_route=\/wp\/v2\/users\/1"}],"replies":[{"embeddable":true,"href":"https:\/\/elinformante.mx\/index.php?rest_route=%2Fwp%2Fv2%2Fcomments&post=98264"}],"version-history":[{"count":0,"href":"https:\/\/elinformante.mx\/index.php?rest_route=\/wp\/v2\/posts\/98264\/revisions"}],"wp:featuredmedia":[{"embeddable":true,"href":"https:\/\/elinformante.mx\/index.php?rest_route=\/wp\/v2\/media\/98266"}],"wp:attachment":[{"href":"https:\/\/elinformante.mx\/index.php?rest_route=%2Fwp%2Fv2%2Fmedia&parent=98264"}],"wp:term":[{"taxonomy":"category","embeddable":true,"href":"https:\/\/elinformante.mx\/index.php?rest_route=%2Fwp%2Fv2%2Fcategories&post=98264"},{"taxonomy":"post_tag","embeddable":true,"href":"https:\/\/elinformante.mx\/index.php?rest_route=%2Fwp%2Fv2%2Ftags&post=98264"}],"curies":[{"name":"wp","href":"https:\/\/api.w.org\/{rel}","templated":true}]}}