{"id":98268,"date":"2026-01-13T06:03:00","date_gmt":"2026-01-13T12:03:00","guid":{"rendered":"https:\/\/elinformante.mx\/?p=98268"},"modified":"2026-01-13T06:03:03","modified_gmt":"2026-01-13T12:03:03","slug":"xabi-alonso-deja-de-ser-entrenador-del-real-madrid","status":"publish","type":"post","link":"https:\/\/elinformante.mx\/?p=98268","title":{"rendered":"Xabi Alonso deja de ser entrenador del Real Madrid"},"content":{"rendered":"\n<figure class=\"wp-block-pullquote\"><blockquote><p>-La salida fue anunciada por el club merengue despu\u00e9s de la derrota en la Supercopa de Espa\u00f1a ante el Barcelona.<\/p><\/blockquote><\/figure>\n\n\n\n<p class=\"has-drop-cap\">\u201cEl Real Madrid C. F. comunica que, de mutuo acuerdo entre el club y Xabi Alonso, se ha decidido poner fin a su etapa como entrenador del primer equipo. Xabi Alonso siempre tendr\u00e1 el cari\u00f1o y la admiraci\u00f3n de todo el madridismo porque es una leyenda del Real Madrid y ha representado en todo momento los valores de nuestro club. El Real Madrid siempre ser\u00e1 su casa. Nuestro club agradece a Xabi Alonso y a todo su equipo t\u00e9cnico el trabajo y la dedicaci\u00f3n en todo este tiempo, y les desea mucha suerte en esta nueva etapa de sus vidas\u201d.<br><\/p>\n\n\n\n<p>Xabi lleg\u00f3 al Santiago Bernab\u00e9u para reemplazar a Carlo Ancelotti tras un exitoso paso por el Bayer Leverkusen, donde gan\u00f3 la Bundesliga y la DFB Pokal sin perder ning\u00fan partido. Sin embargo, no pudo replicar el mismo \u00e9xito en Chamart\u00edn.<br><\/p>\n\n\n\n<p>Su etapa con el cuadro blanco inici\u00f3 en el Mundial de Clubes 2025. En Estados Unidos, con poco tiempo de preparaci\u00f3n, Alonso llev\u00f3 al equipo hasta semifinales, pero fueron goleados por el PSG de Luis Enrique.<br><\/p>\n\n\n\n<p>Tras el torneo veraniego, el equipo comenz\u00f3 la campa\u00f1a de forma oficial, donde los resultados tampoco convencieron a la afici\u00f3n. A pesar de ganar 13 de sus primeros 14 partidos, incluyendo su primer Cl\u00e1sico, la derrota por 5-2 ante el Atl\u00e9tico de Madrid dej\u00f3 muchas dudas alrededor del funcionamiento del equipo.<br><\/p>\n\n\n\n<p>Entre noviembre y diciembre, la crisis se agrav\u00f3, con derrotas ante Manchester City, Liverpool y Celta de Vigo, adem\u00e1s de empates ante Girona, Elche y Rayo Vallecano. La gota que derram\u00f3 el vaso fue la final de la Supercopa de Espa\u00f1a, donde los merengues volvieron a caer ante el Barcelona, que levant\u00f3 el bicampeonato.<br><\/p>\n\n\n\n<p>En total, Alonso dirigi\u00f3 34 partidos al Real Madrid, con 24 ganados, cuatro empates y seis perdidos, n\u00fameros que quedaron lejos de la expectativa de la directiva y afici\u00f3n.<\/p>\n","protected":false},"excerpt":{"rendered":"<p>-La salida fue anunciada por el club merengue despu\u00e9s de la derrota en la Supercopa de Espa\u00f1a ante el Barcelona. \u201cEl Real Madrid C. F. comunica que, de mutuo acuerdo entre el club y Xabi Alonso, se ha decidido poner fin a su etapa como entrenador del primer equipo. Xabi Alonso siempre tendr\u00e1 el cari\u00f1o [&hellip;]<\/p>\n","protected":false},"author":1,"featured_media":98271,"comment_status":"closed","ping_status":"closed","sticky":false,"template":"","format":"standard","meta":{"footnotes":""},"categories":[38],"tags":[],"class_list":["post-98268","post","type-post","status-publish","format-standard","has-post-thumbnail","hentry","category-deportes"],"_links":{"self":[{"href":"https:\/\/elinformante.mx\/index.php?rest_route=\/wp\/v2\/posts\/98268","targetHints":{"allow":["GET"]}}],"collection":[{"href":"https:\/\/elinformante.mx\/index.php?rest_route=\/wp\/v2\/posts"}],"about":[{"href":"https:\/\/elinformante.mx\/index.php?rest_route=\/wp\/v2\/types\/post"}],"author":[{"embeddable":true,"href":"https:\/\/elinformante.mx\/index.php?rest_route=\/wp\/v2\/users\/1"}],"replies":[{"embeddable":true,"href":"https:\/\/elinformante.mx\/index.php?rest_route=%2Fwp%2Fv2%2Fcomments&post=98268"}],"version-history":[{"count":0,"href":"https:\/\/elinformante.mx\/index.php?rest_route=\/wp\/v2\/posts\/98268\/revisions"}],"wp:featuredmedia":[{"embeddable":true,"href":"https:\/\/elinformante.mx\/index.php?rest_route=\/wp\/v2\/media\/98271"}],"wp:attachment":[{"href":"https:\/\/elinformante.mx\/index.php?rest_route=%2Fwp%2Fv2%2Fmedia&parent=98268"}],"wp:term":[{"taxonomy":"category","embeddable":true,"href":"https:\/\/elinformante.mx\/index.php?rest_route=%2Fwp%2Fv2%2Fcategories&post=98268"},{"taxonomy":"post_tag","embeddable":true,"href":"https:\/\/elinformante.mx\/index.php?rest_route=%2Fwp%2Fv2%2Ftags&post=98268"}],"curies":[{"name":"wp","href":"https:\/\/api.w.org\/{rel}","templated":true}]}}