{"id":98270,"date":"2026-01-13T06:04:11","date_gmt":"2026-01-13T12:04:11","guid":{"rendered":"https:\/\/elinformante.mx\/?p=98270"},"modified":"2026-01-13T06:04:16","modified_gmt":"2026-01-13T12:04:16","slug":"donovan-carrillo-encabeza-a-mexico-rumbo-a-juegos-olimpicos-de-invierno","status":"publish","type":"post","link":"https:\/\/elinformante.mx\/?p=98270","title":{"rendered":"Donovan Carrillo encabeza a M\u00e9xico rumbo a Juegos Ol\u00edmpicos de Invierno"},"content":{"rendered":"\n<figure class=\"wp-block-pullquote\"><blockquote><p>Donovan es un deportista nacido en Zapopan, pero formado deportivamente en Le\u00f3n, Guanajuato,<\/p><\/blockquote><\/figure>\n\n\n\n<p class=\"has-drop-cap\">Fue abanderada de manera oficial la delegaci\u00f3n nacional que competir\u00e1 en los Juegos Ol\u00edmpicos de Invierno Milano-Cortina 2026, con el patinador art\u00edstico Donovan Carrillo como el abanderado oficial.<br><\/p>\n\n\n\n<p>Donovan es un deportista nacido en Zapopan, pero formado deportivamente en Le\u00f3n, Guanajuato,<br><\/p>\n\n\n\n<p>La presidenta Claudia Sheinbaum se\u00f1al\u00f3 durante la ceremonia: \u201cQue su ejemplo inspire a millones de mexicanas y mexicanos a creer en la fuerza del deporte y en el poder de nuestros sue\u00f1os.\u201d<br><\/p>\n\n\n\n<p>Con el abanderamiento, de manera simb\u00f3lica se dio inicio al camino hacia Milano-Cortina 2026, que se celebra del 6 al 22 de febrero en Italia. Esta ser\u00e1 la quinta edici\u00f3n consecutiva de Juegos Ol\u00edmpicos de Invierno con presencia mexicana.<br><\/p>\n\n\n\n<p>De acuerdo con informaci\u00f3n oficial de Olympics.com, los abanderados son Donovan Carrillo y la esquiadora alpina Sarah Schleper, quienes repiten el honor que ya asumieron en Beijing 2022.<br><\/p>\n\n\n\n<p>Donovan Carrillo no solo representa a M\u00e9xico, es un referente para Guanajuato, donde se ha vuelto un referente contempor\u00e1neo del deporte.<br><\/p>\n\n\n\n<p>En noviembre de 2025, el patinador visit\u00f3 Le\u00f3n para participar en el Congreso Internacional de Deporte, donde comparti\u00f3 su historia ante m\u00e1s de 800 asistentes. Ah\u00ed recuerda que trabaj\u00f3 14 a\u00f1os de su vida para cumplir el sue\u00f1o ol\u00edmpico, habl\u00f3 de las ca\u00eddas, de los prejuicios, de quedarse sin pista y de usar los comentarios negativos como combustible.<br><\/p>\n\n\n\n<p>\u201cRendirte nunca fue opci\u00f3n\u201d, dijo entonces. Su mensaje conecta con una generaci\u00f3n que lo ve no como una estrella lejana, sino como alguien que se levant\u00f3 una y otra vez para llegar al m\u00e1ximo escenario del deporte mundial.<br><\/p>\n\n\n\n<p>Fue en Beijing 2022, cuando Carrillo se convirti\u00f3 en el primer mexicano en 30 a\u00f1os en competir en patinaje art\u00edstico ol\u00edmpico y el primero en clasificar a un programa libre. En Milano-Cortina 2026 igualar\u00e1 Ricardo Olavarrieta (1970) como el mexicano con m\u00e1s participaciones ol\u00edmpicas en esta disciplina.<\/p>\n","protected":false},"excerpt":{"rendered":"<p>Donovan es un deportista nacido en Zapopan, pero formado deportivamente en Le\u00f3n, Guanajuato, Fue abanderada de manera oficial la delegaci\u00f3n nacional que competir\u00e1 en los Juegos Ol\u00edmpicos de Invierno Milano-Cortina 2026, con el patinador art\u00edstico Donovan Carrillo como el abanderado oficial. Donovan es un deportista nacido en Zapopan, pero formado deportivamente en Le\u00f3n, Guanajuato, La [&hellip;]<\/p>\n","protected":false},"author":1,"featured_media":98273,"comment_status":"closed","ping_status":"closed","sticky":false,"template":"","format":"standard","meta":{"footnotes":""},"categories":[38,30],"tags":[],"class_list":["post-98270","post","type-post","status-publish","format-standard","has-post-thumbnail","hentry","category-deportes","category-destacado"],"_links":{"self":[{"href":"https:\/\/elinformante.mx\/index.php?rest_route=\/wp\/v2\/posts\/98270","targetHints":{"allow":["GET"]}}],"collection":[{"href":"https:\/\/elinformante.mx\/index.php?rest_route=\/wp\/v2\/posts"}],"about":[{"href":"https:\/\/elinformante.mx\/index.php?rest_route=\/wp\/v2\/types\/post"}],"author":[{"embeddable":true,"href":"https:\/\/elinformante.mx\/index.php?rest_route=\/wp\/v2\/users\/1"}],"replies":[{"embeddable":true,"href":"https:\/\/elinformante.mx\/index.php?rest_route=%2Fwp%2Fv2%2Fcomments&post=98270"}],"version-history":[{"count":0,"href":"https:\/\/elinformante.mx\/index.php?rest_route=\/wp\/v2\/posts\/98270\/revisions"}],"wp:featuredmedia":[{"embeddable":true,"href":"https:\/\/elinformante.mx\/index.php?rest_route=\/wp\/v2\/media\/98273"}],"wp:attachment":[{"href":"https:\/\/elinformante.mx\/index.php?rest_route=%2Fwp%2Fv2%2Fmedia&parent=98270"}],"wp:term":[{"taxonomy":"category","embeddable":true,"href":"https:\/\/elinformante.mx\/index.php?rest_route=%2Fwp%2Fv2%2Fcategories&post=98270"},{"taxonomy":"post_tag","embeddable":true,"href":"https:\/\/elinformante.mx\/index.php?rest_route=%2Fwp%2Fv2%2Ftags&post=98270"}],"curies":[{"name":"wp","href":"https:\/\/api.w.org\/{rel}","templated":true}]}}