{"id":98276,"date":"2026-01-13T06:10:52","date_gmt":"2026-01-13T12:10:52","guid":{"rendered":"https:\/\/elinformante.mx\/?p=98276"},"modified":"2026-01-13T06:10:55","modified_gmt":"2026-01-13T12:10:55","slug":"entrega-isaac-montoya-rehabilitacion-de-escuela-en-minas-san-martin","status":"publish","type":"post","link":"https:\/\/elinformante.mx\/?p=98276","title":{"rendered":"Entrega Isaac Montoya rehabilitaci\u00f3n de escuela en Minas San Mart\u00edn"},"content":{"rendered":"\n<figure class=\"wp-block-pullquote\"><blockquote><p>La instituci\u00f3n presentaba afectaciones graves desde a\u00f1os atr\u00e1s, provocadas por las lluvias, al grado de tener un pron\u00f3stico de demolici\u00f3n.<\/p><\/blockquote><\/figure>\n\n\n\n<p class=\"has-drop-cap\">El Gobierno Naucalpan, encabezado por el Presidente Municipal Isaac Montoya M\u00e1rquez, hizo entrega de la rehabilitaci\u00f3n estructural de la Escuela Secundaria General Emiliano Zapata, en Minas San Mart\u00edn.<br><\/p>\n\n\n\n<p>La instituci\u00f3n presentaba afectaciones graves desde a\u00f1os atr\u00e1s, provocadas por las lluvias, al grado de tener un pron\u00f3stico de demolici\u00f3n.<br><\/p>\n\n\n\n<p>Durante la entrega, Montoya M\u00e1rquez mencion\u00f3 que se trabajo en coordinaci\u00f3n con el Gobierno del Estado de M\u00e9xico, encabezado por la Gobernadora Delfina G\u00f3mez \u00c1lvarez. para rescatar de manera inmediata la escual, realizandose una intervenci\u00f3n estructural profunda realizada desde la base, con ingenier\u00eda y materiales de calidad, lo que hoy garantiza seguridad para las y los estudiantes, permitiendo a la comunidad escolar continuar con su labor educativa en condiciones dignas.<br><\/p>\n\n\n\n<figure class=\"wp-block-image size-large\"><img fetchpriority=\"high\" decoding=\"async\" width=\"1024\" height=\"506\" src=\"https:\/\/elinformante.mx\/wp-content\/uploads\/2026\/01\/12NAUCALPAN-2-1-1024x506.jpg\" alt=\"\" class=\"wp-image-98282\" srcset=\"https:\/\/elinformante.mx\/wp-content\/uploads\/2026\/01\/12NAUCALPAN-2-1-1024x506.jpg 1024w, https:\/\/elinformante.mx\/wp-content\/uploads\/2026\/01\/12NAUCALPAN-2-1-300x148.jpg 300w, https:\/\/elinformante.mx\/wp-content\/uploads\/2026\/01\/12NAUCALPAN-2-1-768x379.jpg 768w, https:\/\/elinformante.mx\/wp-content\/uploads\/2026\/01\/12NAUCALPAN-2-1.jpg 1140w\" sizes=\"(max-width: 1024px) 100vw, 1024px\" \/><\/figure>\n\n\n\n<p>Montoya M\u00e1rquez afirm\u00f3 que en Naucalpan, la educaci\u00f3n es un derecho y una prioridad. Siendo esta la raz\u00f3n por la su gobierno contonua atendiendo los problemas que se dejaron crecer durante a\u00f1os y que hoy se traducen en obras seguras, \u00fatiles y duraderas, pensadas para el bienestar com\u00fan.<br><\/p>\n\n\n\n<p>Tambi\u00e9n inform\u00f3 que para dar inicio al nuevo ciclo escolar, tras las vacaciones decembrinas, en Naucalpan trabajando en coordinaci\u00f3n con la Guardia Municipal se puso en marcha el Operativo \u201cCaminito de la Escuela\u201d.<br><\/p>\n\n\n\n<p>Este operativo cont\u00f3 con presencia policial en cerca de 300 escuelas del municipio, donde brindaron seguridad, apoyo vial y acompa\u00f1amiento durante este regreso a clases.<\/p>\n","protected":false},"excerpt":{"rendered":"<p>La instituci\u00f3n presentaba afectaciones graves desde a\u00f1os atr\u00e1s, provocadas por las lluvias, al grado de tener un pron\u00f3stico de demolici\u00f3n. El Gobierno Naucalpan, encabezado por el Presidente Municipal Isaac Montoya M\u00e1rquez, hizo entrega de la rehabilitaci\u00f3n estructural de la Escuela Secundaria General Emiliano Zapata, en Minas San Mart\u00edn. La instituci\u00f3n presentaba afectaciones graves desde a\u00f1os [&hellip;]<\/p>\n","protected":false},"author":1,"featured_media":98281,"comment_status":"closed","ping_status":"closed","sticky":false,"template":"","format":"standard","meta":{"footnotes":""},"categories":[36],"tags":[],"class_list":["post-98276","post","type-post","status-publish","format-standard","has-post-thumbnail","hentry","category-edomex"],"_links":{"self":[{"href":"https:\/\/elinformante.mx\/index.php?rest_route=\/wp\/v2\/posts\/98276","targetHints":{"allow":["GET"]}}],"collection":[{"href":"https:\/\/elinformante.mx\/index.php?rest_route=\/wp\/v2\/posts"}],"about":[{"href":"https:\/\/elinformante.mx\/index.php?rest_route=\/wp\/v2\/types\/post"}],"author":[{"embeddable":true,"href":"https:\/\/elinformante.mx\/index.php?rest_route=\/wp\/v2\/users\/1"}],"replies":[{"embeddable":true,"href":"https:\/\/elinformante.mx\/index.php?rest_route=%2Fwp%2Fv2%2Fcomments&post=98276"}],"version-history":[{"count":0,"href":"https:\/\/elinformante.mx\/index.php?rest_route=\/wp\/v2\/posts\/98276\/revisions"}],"wp:featuredmedia":[{"embeddable":true,"href":"https:\/\/elinformante.mx\/index.php?rest_route=\/wp\/v2\/media\/98281"}],"wp:attachment":[{"href":"https:\/\/elinformante.mx\/index.php?rest_route=%2Fwp%2Fv2%2Fmedia&parent=98276"}],"wp:term":[{"taxonomy":"category","embeddable":true,"href":"https:\/\/elinformante.mx\/index.php?rest_route=%2Fwp%2Fv2%2Fcategories&post=98276"},{"taxonomy":"post_tag","embeddable":true,"href":"https:\/\/elinformante.mx\/index.php?rest_route=%2Fwp%2Fv2%2Ftags&post=98276"}],"curies":[{"name":"wp","href":"https:\/\/api.w.org\/{rel}","templated":true}]}}