{"id":98283,"date":"2026-01-13T06:17:00","date_gmt":"2026-01-13T12:17:00","guid":{"rendered":"https:\/\/elinformante.mx\/?p=98283"},"modified":"2026-01-13T06:17:04","modified_gmt":"2026-01-13T12:17:04","slug":"se-entregaron-en-san-mateo-atenco-mas-de-15-mil-juguetes-por-dia-de-reyes","status":"publish","type":"post","link":"https:\/\/elinformante.mx\/?p=98283","title":{"rendered":"Se entregaron en San Mateo Atenco m\u00e1s de 15 mil juguetes por D\u00eda de Reyes"},"content":{"rendered":"\n<figure class=\"wp-block-pullquote\"><blockquote><p>Ana Mu\u00f1iz Neyra ratific\u00f3 el compromiso de seguir fortaleciendo la infraestructura y los servicios p\u00fablicos<\/p><\/blockquote><\/figure>\n\n\n\n<p class=\"has-drop-cap\">En el municipio de San Mateo Atenco, la presidenta municipal Ana Mu\u00f1iz Neyra, acompa\u00f1ada del presidente honorario del DIF San Mateo Atenco, Oscar Mu\u00f1iz M\u00e1ynez, encabezaron una amplia gira de trabajo para celebrar el D\u00eda de Reyes con ni\u00f1as y ni\u00f1os del municipio.<br><\/p>\n\n\n\n<p>Adem\u00e1s celebraron el regreso a clases y el D\u00eda de Reyes con varias comunidades de las 38 escuelas p\u00fablicas de grados, preescolar y primarias donde hicieron entrega de m\u00e1s de 15 mil juguetes a ni\u00f1as y ni\u00f1os.<br><\/p>\n\n\n\n<p>La jornada inici\u00f3 en la Escuela Primaria Jos\u00e9 Vicente Villada, donde Mu\u00f1iz Neyra pudo convivir con estudiantes, docentes y madres y padres de familia, reiterando el compromiso de su gobierno con el bienestar y el desarrollo integral de la infancia.<br><\/p>\n\n\n\n<figure class=\"wp-block-image size-large\"><img fetchpriority=\"high\" decoding=\"async\" width=\"1024\" height=\"506\" src=\"https:\/\/elinformante.mx\/wp-content\/uploads\/2026\/01\/11mateo-3-1024x506.jpg\" alt=\"\" class=\"wp-image-98288\" srcset=\"https:\/\/elinformante.mx\/wp-content\/uploads\/2026\/01\/11mateo-3-1024x506.jpg 1024w, https:\/\/elinformante.mx\/wp-content\/uploads\/2026\/01\/11mateo-3-300x148.jpg 300w, https:\/\/elinformante.mx\/wp-content\/uploads\/2026\/01\/11mateo-3-768x379.jpg 768w, https:\/\/elinformante.mx\/wp-content\/uploads\/2026\/01\/11mateo-3.jpg 1140w\" sizes=\"(max-width: 1024px) 100vw, 1024px\" \/><\/figure>\n\n\n\n<p>En un mensaje para las y los vecinos, destac\u00f3 que, junto con el presidente honorario del DIF Municipal, \u00d3scar Mu\u00f1iz Maynez, as\u00ed como integrantes del gabinete, visitar\u00e1n todas las escuelas y ratific\u00f3 el compromiso de seguir fortaleciendo la infraestructura y los servicios p\u00fablicos que garantizan espacios dignos y seguros para las y los estudiantes.<br><\/p>\n\n\n\n<p>Se\u00f1alaron que visitar\u00e1n durante la semana las 38 escuelas del municipio, en donde integrantes del Cabildo, el presidente honorario del DIF Municipal, \u00d3scar Mu\u00f1iz Maynez, y personal de todas las \u00e1reas del Gobierno Municipal estar\u00e1n acompa\u00f1ado a los reyes, las ni\u00f1as y los ni\u00f1os de San Mateo Atenco.<br><\/p>\n\n\n\n<p>Tambi\u00e9n se inform\u00f3 que se reanudar\u00e1 la implementaci\u00f3n de los programas \u201cUnidos por nuestras escuelas\u201d y \u201cEscuela segura\u201d, que incluye el monitoreo permanente a trav\u00e9s del sistema municipal de videovigilancia operado por el Centro de Mando C4.<\/p>\n","protected":false},"excerpt":{"rendered":"<p>Ana Mu\u00f1iz Neyra ratific\u00f3 el compromiso de seguir fortaleciendo la infraestructura y los servicios p\u00fablicos En el municipio de San Mateo Atenco, la presidenta municipal Ana Mu\u00f1iz Neyra, acompa\u00f1ada del presidente honorario del DIF San Mateo Atenco, Oscar Mu\u00f1iz M\u00e1ynez, encabezaron una amplia gira de trabajo para celebrar el D\u00eda de Reyes con ni\u00f1as y [&hellip;]<\/p>\n","protected":false},"author":1,"featured_media":98287,"comment_status":"closed","ping_status":"closed","sticky":false,"template":"","format":"standard","meta":{"footnotes":""},"categories":[36],"tags":[],"class_list":["post-98283","post","type-post","status-publish","format-standard","has-post-thumbnail","hentry","category-edomex"],"_links":{"self":[{"href":"https:\/\/elinformante.mx\/index.php?rest_route=\/wp\/v2\/posts\/98283","targetHints":{"allow":["GET"]}}],"collection":[{"href":"https:\/\/elinformante.mx\/index.php?rest_route=\/wp\/v2\/posts"}],"about":[{"href":"https:\/\/elinformante.mx\/index.php?rest_route=\/wp\/v2\/types\/post"}],"author":[{"embeddable":true,"href":"https:\/\/elinformante.mx\/index.php?rest_route=\/wp\/v2\/users\/1"}],"replies":[{"embeddable":true,"href":"https:\/\/elinformante.mx\/index.php?rest_route=%2Fwp%2Fv2%2Fcomments&post=98283"}],"version-history":[{"count":0,"href":"https:\/\/elinformante.mx\/index.php?rest_route=\/wp\/v2\/posts\/98283\/revisions"}],"wp:featuredmedia":[{"embeddable":true,"href":"https:\/\/elinformante.mx\/index.php?rest_route=\/wp\/v2\/media\/98287"}],"wp:attachment":[{"href":"https:\/\/elinformante.mx\/index.php?rest_route=%2Fwp%2Fv2%2Fmedia&parent=98283"}],"wp:term":[{"taxonomy":"category","embeddable":true,"href":"https:\/\/elinformante.mx\/index.php?rest_route=%2Fwp%2Fv2%2Fcategories&post=98283"},{"taxonomy":"post_tag","embeddable":true,"href":"https:\/\/elinformante.mx\/index.php?rest_route=%2Fwp%2Fv2%2Ftags&post=98283"}],"curies":[{"name":"wp","href":"https:\/\/api.w.org\/{rel}","templated":true}]}}