{"id":98292,"date":"2026-01-13T06:24:12","date_gmt":"2026-01-13T12:24:12","guid":{"rendered":"https:\/\/elinformante.mx\/?p=98292"},"modified":"2026-01-13T06:24:21","modified_gmt":"2026-01-13T12:24:21","slug":"uaemex-levanta-el-telon-inicia-primera-temporada-de-teatro-universitario-2026","status":"publish","type":"post","link":"https:\/\/elinformante.mx\/?p=98292","title":{"rendered":"UAEM\u00e9x levanta el tel\u00f3n: inicia Primera Temporada de Teatro Universitario 2026"},"content":{"rendered":"\n<figure class=\"wp-block-pullquote\"><blockquote><p>\u00b7Con obras que abordan inclusi\u00f3n, infancia y la relaci\u00f3n con la muerte, la Compa\u00f1\u00eda Universitaria de Teatro invita al p\u00fablico mexiquense a disfrutar su nueva programaci\u00f3n en el Teatro \u201cLos Jaguares\u201d.<\/p><\/blockquote><\/figure>\n\n\n\n<p class=\"has-drop-cap\">En el Teatro Universitario \u201cLos Jaguares\u201d, la Universidad Aut\u00f3noma del Estado de M\u00e9xico (UAEM\u00e9x), a trav\u00e9s de la Compa\u00f1\u00eda Universitaria de Teatro (CUT), present\u00f3 la Primera Temporada de Teatro Universitario 2026, conformada por tres puestas en escena dirigidas a todo el p\u00fablico.<br><\/p>\n\n\n\n<p>El director de la CUT, Juan Carlos Embriz Gonzaga, se\u00f1al\u00f3 que el arranque de temporada busca ofrecer nuevas experiencias esc\u00e9nicas para que el p\u00fablico mexiquense disfrute del talento y la dedicaci\u00f3n de la comunidad universitaria.<br><\/p>\n\n\n\n<p>La programaci\u00f3n incluye la obra Francisca no est\u00e1 aqu\u00ed, versi\u00f3n libre del cuento \u201cFrancisca y la muerte\u201d, dirigida por Pedro Faritt. Se presentar\u00e1 del 15 de enero al 1 de marzo, de jueves a s\u00e1bado, a las 17:00 horas, y los domingos, a las 16:00 horas.<br><\/p>\n\n\n\n<figure class=\"wp-block-image size-large\"><img fetchpriority=\"high\" decoding=\"async\" width=\"1024\" height=\"506\" src=\"https:\/\/elinformante.mx\/wp-content\/uploads\/2026\/01\/10uaemex-2-1-1024x506.jpg\" alt=\"\" class=\"wp-image-98296\" srcset=\"https:\/\/elinformante.mx\/wp-content\/uploads\/2026\/01\/10uaemex-2-1-1024x506.jpg 1024w, https:\/\/elinformante.mx\/wp-content\/uploads\/2026\/01\/10uaemex-2-1-300x148.jpg 300w, https:\/\/elinformante.mx\/wp-content\/uploads\/2026\/01\/10uaemex-2-1-768x379.jpg 768w, https:\/\/elinformante.mx\/wp-content\/uploads\/2026\/01\/10uaemex-2-1.jpg 1140w\" sizes=\"(max-width: 1024px) 100vw, 1024px\" \/><\/figure>\n\n\n\n<p>Tambi\u00e9n se presentar\u00e1 Ni\u00f1os chocolate, de Jaime Chabaud, bajo la direcci\u00f3n de Israel R\u00edos. Esta puesta en escena aborda la explotaci\u00f3n laboral infantil en plantaciones de cacao en \u00c1frica y el trabajo de un periodista que intenta visibilizar esta realidad. Estar\u00e1 en cartelera del 15 de enero al 1 de marzo, de jueves a s\u00e1bado, a las 19:00 horas, y los domingos, a las 18:00 horas.<br><\/p>\n\n\n\n<p>La tercera propuesta es Geometrix Histories, espect\u00e1culo que integra luces ne\u00f3n y personajes geom\u00e9tricos que interact\u00faan mediante onomatopeyas para reflexionar sobre temas como el bullying, la inclusi\u00f3n y la empat\u00eda. Se presentar\u00e1 del 17 de enero al 1 de marzo, los s\u00e1bados y domingos, a las 13:00 horas.<br><\/p>\n\n\n\n<p>Finalmente, Embriz Gonzaga inform\u00f3 que los eventos gratuitos de la UAEM\u00e9x Teatro Panal y Arte y Cultura Viva regresar\u00e1n al Teatro Universitario de C\u00e1mara \u201cEsv\u00f3n Gamaliel\u201d, ubicado en el Edificio Hist\u00f3rico de Rector\u00eda, con funciones todos los domingos.<\/p>\n","protected":false},"excerpt":{"rendered":"<p>\u00b7Con obras que abordan inclusi\u00f3n, infancia y la relaci\u00f3n con la muerte, la Compa\u00f1\u00eda Universitaria de Teatro invita al p\u00fablico mexiquense a disfrutar su nueva programaci\u00f3n en el Teatro \u201cLos Jaguares\u201d. En el Teatro Universitario \u201cLos Jaguares\u201d, la Universidad Aut\u00f3noma del Estado de M\u00e9xico (UAEM\u00e9x), a trav\u00e9s de la Compa\u00f1\u00eda Universitaria de Teatro (CUT), present\u00f3 [&hellip;]<\/p>\n","protected":false},"author":1,"featured_media":98295,"comment_status":"closed","ping_status":"closed","sticky":false,"template":"","format":"standard","meta":{"footnotes":""},"categories":[30,36],"tags":[],"class_list":["post-98292","post","type-post","status-publish","format-standard","has-post-thumbnail","hentry","category-destacado","category-edomex"],"_links":{"self":[{"href":"https:\/\/elinformante.mx\/index.php?rest_route=\/wp\/v2\/posts\/98292","targetHints":{"allow":["GET"]}}],"collection":[{"href":"https:\/\/elinformante.mx\/index.php?rest_route=\/wp\/v2\/posts"}],"about":[{"href":"https:\/\/elinformante.mx\/index.php?rest_route=\/wp\/v2\/types\/post"}],"author":[{"embeddable":true,"href":"https:\/\/elinformante.mx\/index.php?rest_route=\/wp\/v2\/users\/1"}],"replies":[{"embeddable":true,"href":"https:\/\/elinformante.mx\/index.php?rest_route=%2Fwp%2Fv2%2Fcomments&post=98292"}],"version-history":[{"count":0,"href":"https:\/\/elinformante.mx\/index.php?rest_route=\/wp\/v2\/posts\/98292\/revisions"}],"wp:featuredmedia":[{"embeddable":true,"href":"https:\/\/elinformante.mx\/index.php?rest_route=\/wp\/v2\/media\/98295"}],"wp:attachment":[{"href":"https:\/\/elinformante.mx\/index.php?rest_route=%2Fwp%2Fv2%2Fmedia&parent=98292"}],"wp:term":[{"taxonomy":"category","embeddable":true,"href":"https:\/\/elinformante.mx\/index.php?rest_route=%2Fwp%2Fv2%2Fcategories&post=98292"},{"taxonomy":"post_tag","embeddable":true,"href":"https:\/\/elinformante.mx\/index.php?rest_route=%2Fwp%2Fv2%2Ftags&post=98292"}],"curies":[{"name":"wp","href":"https:\/\/api.w.org\/{rel}","templated":true}]}}