{"id":98294,"date":"2026-01-13T06:29:35","date_gmt":"2026-01-13T12:29:35","guid":{"rendered":"https:\/\/elinformante.mx\/?p=98294"},"modified":"2026-01-13T06:29:37","modified_gmt":"2026-01-13T12:29:37","slug":"entrega-gem-apoyo-a-casi-10-mil-personas-para-fomentar-el-empleo","status":"publish","type":"post","link":"https:\/\/elinformante.mx\/?p=98294","title":{"rendered":"Entrega GEM apoyo a casi 10 mil personas para fomentar el empleo"},"content":{"rendered":"\n<figure class=\"wp-block-pullquote\"><blockquote><p>-Durante 2025 se otorgaron 8 mil 074 tarjetas a las y los beneficiarios del Programa Apoyo al Desempleo para el Bienestar.<\/p><\/blockquote><\/figure>\n\n\n\n<p class=\"has-drop-cap\">El Gobierno del Estado de M\u00e9xico, a trav\u00e9s de la Secretar\u00eda del Trabajo, concluy\u00f3 2025 con avances significativos en materia de fomento al empleo; es el caso del Programa Apoyo al Desempleo para el Bienestar que entreg\u00f3 8 mil 074 tarjetas de apoyo econ\u00f3mico personas que perdieron un puesto laboral. Esto se llev\u00f3 a cabo del 28 de octubre al 13 de noviembre.<br><\/p>\n\n\n\n<p>\u201cNuestro objetivo es que cada programa se traduzca en ingresos, estabilidad y bienestar para las familias\u201d, se\u00f1al\u00f3 Norberto Morales Poblete, Secretario del Trabajo.<br><\/p>\n\n\n\n<figure class=\"wp-block-image size-large\"><img fetchpriority=\"high\" decoding=\"async\" width=\"1024\" height=\"506\" src=\"https:\/\/elinformante.mx\/wp-content\/uploads\/2026\/01\/7entrega-2-1024x506.jpg\" alt=\"\" class=\"wp-image-98299\" srcset=\"https:\/\/elinformante.mx\/wp-content\/uploads\/2026\/01\/7entrega-2-1024x506.jpg 1024w, https:\/\/elinformante.mx\/wp-content\/uploads\/2026\/01\/7entrega-2-300x148.jpg 300w, https:\/\/elinformante.mx\/wp-content\/uploads\/2026\/01\/7entrega-2-768x379.jpg 768w, https:\/\/elinformante.mx\/wp-content\/uploads\/2026\/01\/7entrega-2.jpg 1140w\" sizes=\"(max-width: 1024px) 100vw, 1024px\" \/><\/figure>\n\n\n\n<p>Adem\u00e1s, destaca el Programa Apoyo al Autoempleo para el Bienestar 2025, que finaliz\u00f3 su etapa de capacitaci\u00f3n del 16 al 28 de octubre, y se encuentra en proceso de entrega de equipos para la apertura o fortalecimiento de negocios, a m\u00e1s de mil 800 emprendedores.<br><\/p>\n\n\n\n<p>En tanto, el Programa Fomento Cooperativo para el Bienestar 2025 avanza en el registro y validaci\u00f3n de Sociedades Cooperativas, con el acompa\u00f1amiento t\u00e9cnico de la Secretar\u00eda del Trabajo, para impulsar proyectos productivos colectivos. La primera entrega de apoyo econ\u00f3mico se llev\u00f3 a cabo el pasado 11 de diciembre.<br><\/p>\n\n\n\n<p>Estos programas forman parte de la pol\u00edtica social que impulsa la Gobernadora Delfina G\u00f3mez \u00c1lvarez, con una visi\u00f3n humanista, incluyente y de justicia social.<\/p>\n","protected":false},"excerpt":{"rendered":"<p>-Durante 2025 se otorgaron 8 mil 074 tarjetas a las y los beneficiarios del Programa Apoyo al Desempleo para el Bienestar. El Gobierno del Estado de M\u00e9xico, a trav\u00e9s de la Secretar\u00eda del Trabajo, concluy\u00f3 2025 con avances significativos en materia de fomento al empleo; es el caso del Programa Apoyo al Desempleo para el [&hellip;]<\/p>\n","protected":false},"author":1,"featured_media":98298,"comment_status":"closed","ping_status":"closed","sticky":false,"template":"","format":"standard","meta":{"footnotes":""},"categories":[36],"tags":[],"class_list":["post-98294","post","type-post","status-publish","format-standard","has-post-thumbnail","hentry","category-edomex"],"_links":{"self":[{"href":"https:\/\/elinformante.mx\/index.php?rest_route=\/wp\/v2\/posts\/98294","targetHints":{"allow":["GET"]}}],"collection":[{"href":"https:\/\/elinformante.mx\/index.php?rest_route=\/wp\/v2\/posts"}],"about":[{"href":"https:\/\/elinformante.mx\/index.php?rest_route=\/wp\/v2\/types\/post"}],"author":[{"embeddable":true,"href":"https:\/\/elinformante.mx\/index.php?rest_route=\/wp\/v2\/users\/1"}],"replies":[{"embeddable":true,"href":"https:\/\/elinformante.mx\/index.php?rest_route=%2Fwp%2Fv2%2Fcomments&post=98294"}],"version-history":[{"count":0,"href":"https:\/\/elinformante.mx\/index.php?rest_route=\/wp\/v2\/posts\/98294\/revisions"}],"wp:featuredmedia":[{"embeddable":true,"href":"https:\/\/elinformante.mx\/index.php?rest_route=\/wp\/v2\/media\/98298"}],"wp:attachment":[{"href":"https:\/\/elinformante.mx\/index.php?rest_route=%2Fwp%2Fv2%2Fmedia&parent=98294"}],"wp:term":[{"taxonomy":"category","embeddable":true,"href":"https:\/\/elinformante.mx\/index.php?rest_route=%2Fwp%2Fv2%2Fcategories&post=98294"},{"taxonomy":"post_tag","embeddable":true,"href":"https:\/\/elinformante.mx\/index.php?rest_route=%2Fwp%2Fv2%2Ftags&post=98294"}],"curies":[{"name":"wp","href":"https:\/\/api.w.org\/{rel}","templated":true}]}}