{"id":98297,"date":"2026-01-13T06:31:00","date_gmt":"2026-01-13T12:31:00","guid":{"rendered":"https:\/\/elinformante.mx\/?p=98297"},"modified":"2026-01-13T06:31:06","modified_gmt":"2026-01-13T12:31:06","slug":"beneficia-gem-a-1-6-millones-de-mexiquenses-con-la-adquisicion-de-35-ventiladores-para-asistencia-respiratoria","status":"publish","type":"post","link":"https:\/\/elinformante.mx\/?p=98297","title":{"rendered":"Beneficia GEM a 1.6 millones de mexiquenses con la adquisici\u00f3n de 35 ventiladores para asistencia respiratoria"},"content":{"rendered":"\n<figure class=\"wp-block-pullquote\"><blockquote><p>-Destina 52 millones de pesos en estos equipos entregados al Centro M\u00e9dico \u201cLic. Adolfo L\u00f3pez Mateos\u201d.<\/p><\/blockquote><\/figure>\n\n\n\n<p class=\"has-drop-cap\">Con una inversi\u00f3n de 52 millones 544 mil pesos, el Gobierno de la Maestra Delfina G\u00f3mez \u00c1lvarez entreg\u00f3 35 ventiladores, as\u00ed como mil 90 kits de ventilaci\u00f3n al Centro M\u00e9dico \u201cLic. Adolfo L\u00f3pez Mateos\u201d, con un beneficio directo para 1.6 millones de habitantes del Valle de Toluca, equipos con los que se dar\u00e1 asistencia respiratoria a pacientes adultos, pedi\u00e1tricos y neonatales.<br><\/p>\n\n\n\n<p>Durante la entrega, se se\u00f1al\u00f3 que la Secretar\u00eda de Salud del Estado de M\u00e9xico, encabezada por Macarena Montoya Olvera, realiza las gestiones necesarias para que los servicios que se brindan a las y los mexiquenses de la zona centro de la entidad permitan una atenci\u00f3n oportuna, con calidez y humanismo.<br><\/p>\n\n\n\n<figure class=\"wp-block-image size-large\"><img fetchpriority=\"high\" decoding=\"async\" width=\"1024\" height=\"506\" src=\"https:\/\/elinformante.mx\/wp-content\/uploads\/2026\/01\/7busca-1024x506.jpg\" alt=\"\" class=\"wp-image-98302\" srcset=\"https:\/\/elinformante.mx\/wp-content\/uploads\/2026\/01\/7busca-1024x506.jpg 1024w, https:\/\/elinformante.mx\/wp-content\/uploads\/2026\/01\/7busca-300x148.jpg 300w, https:\/\/elinformante.mx\/wp-content\/uploads\/2026\/01\/7busca-768x379.jpg 768w, https:\/\/elinformante.mx\/wp-content\/uploads\/2026\/01\/7busca.jpg 1140w\" sizes=\"(max-width: 1024px) 100vw, 1024px\" \/><\/figure>\n\n\n\n<p>Lo anterior cumple el objetivo de beneficiar directamente a la ciudadan\u00eda, con base en est\u00e1ndares de calidad nacionales e internacionales y para el cumplimiento de los programas de desarrollo social y del bienestar en beneficio de los sectores m\u00e1s vulnerables de la sociedad.<br><\/p>\n\n\n\n<p>Los ventiladores dan soporte vital temporal a beb\u00e9s, ni\u00f1os y adultos en estado cr\u00edtico con insuficiencia respiratoria aguda provocada por padecimientos como neumon\u00eda, shock, coma, traumatismo grave, y pacientes postoperados de cirug\u00edas mayores, para contribuir a su recuperaci\u00f3n hasta que el paciente tenga la capacidad de respirar por s\u00ed mismo.<br><\/p>\n\n\n\n<p>Con esta acci\u00f3n, el Gobierno del Estado de M\u00e9xico refuerza el equipamiento de esta unidad hospitalaria, lo que beneficia directamente a la poblaci\u00f3n sin seguridad social de los municipios de Toluca, Almoloya del R\u00edo, Calimaya, Mexicaltzingo, Almoloya de Ju\u00e1rez, Metepec, Zinacantepec y San Mateo Atenco.<\/p>\n","protected":false},"excerpt":{"rendered":"<p>-Destina 52 millones de pesos en estos equipos entregados al Centro M\u00e9dico \u201cLic. Adolfo L\u00f3pez Mateos\u201d. Con una inversi\u00f3n de 52 millones 544 mil pesos, el Gobierno de la Maestra Delfina G\u00f3mez \u00c1lvarez entreg\u00f3 35 ventiladores, as\u00ed como mil 90 kits de ventilaci\u00f3n al Centro M\u00e9dico \u201cLic. Adolfo L\u00f3pez Mateos\u201d, con un beneficio directo para [&hellip;]<\/p>\n","protected":false},"author":1,"featured_media":98301,"comment_status":"closed","ping_status":"closed","sticky":false,"template":"","format":"standard","meta":{"footnotes":""},"categories":[30,36],"tags":[],"class_list":["post-98297","post","type-post","status-publish","format-standard","has-post-thumbnail","hentry","category-destacado","category-edomex"],"_links":{"self":[{"href":"https:\/\/elinformante.mx\/index.php?rest_route=\/wp\/v2\/posts\/98297","targetHints":{"allow":["GET"]}}],"collection":[{"href":"https:\/\/elinformante.mx\/index.php?rest_route=\/wp\/v2\/posts"}],"about":[{"href":"https:\/\/elinformante.mx\/index.php?rest_route=\/wp\/v2\/types\/post"}],"author":[{"embeddable":true,"href":"https:\/\/elinformante.mx\/index.php?rest_route=\/wp\/v2\/users\/1"}],"replies":[{"embeddable":true,"href":"https:\/\/elinformante.mx\/index.php?rest_route=%2Fwp%2Fv2%2Fcomments&post=98297"}],"version-history":[{"count":0,"href":"https:\/\/elinformante.mx\/index.php?rest_route=\/wp\/v2\/posts\/98297\/revisions"}],"wp:featuredmedia":[{"embeddable":true,"href":"https:\/\/elinformante.mx\/index.php?rest_route=\/wp\/v2\/media\/98301"}],"wp:attachment":[{"href":"https:\/\/elinformante.mx\/index.php?rest_route=%2Fwp%2Fv2%2Fmedia&parent=98297"}],"wp:term":[{"taxonomy":"category","embeddable":true,"href":"https:\/\/elinformante.mx\/index.php?rest_route=%2Fwp%2Fv2%2Fcategories&post=98297"},{"taxonomy":"post_tag","embeddable":true,"href":"https:\/\/elinformante.mx\/index.php?rest_route=%2Fwp%2Fv2%2Ftags&post=98297"}],"curies":[{"name":"wp","href":"https:\/\/api.w.org\/{rel}","templated":true}]}}