{"id":98303,"date":"2026-01-13T06:36:14","date_gmt":"2026-01-13T12:36:14","guid":{"rendered":"https:\/\/elinformante.mx\/?p=98303"},"modified":"2026-01-13T06:36:22","modified_gmt":"2026-01-13T12:36:22","slug":"con-mando-unificado-oriente-se-construye-la-paz-en-edomex-delfina-gomez","status":"publish","type":"post","link":"https:\/\/elinformante.mx\/?p=98303","title":{"rendered":"Con Mando Unificado Oriente se construye la paz en Edom\u00e9x: Delfina G\u00f3mez"},"content":{"rendered":"\n<figure class=\"wp-block-pullquote\"><blockquote><p>-Desde su implementaci\u00f3n, se registra una baja de 53% el robo de veh\u00edculos y 24% los homicidios dolosos.<\/p><\/blockquote><\/figure>\n\n\n\n<p class=\"has-drop-cap\">Con el Mando Unificado Oriente, estrategia de las Mesas de Paz que encabeza diariamente la Gobernadora Delfina G\u00f3mez \u00c1lvarez, se logr\u00f3 una reducci\u00f3n del 53 por ciento el robo de veh\u00edculos y del 24 por ciento en homicidios dolosos en los 15 municipios de la regi\u00f3n donde se implementa.<br><\/p>\n\n\n\n<p>\u201cIniciamos esta semana en #ValleDeChalco, en donde realizamos la Mesa de Paz con los 15 municipios que integran el Mando Unificado Oriente.<br><\/p>\n\n\n\n<p>En la reuni\u00f3n, el General Alc\u00e1ntara, Coordinador del Mando Unificado, comparti\u00f3 que desde la implementaci\u00f3n de esta estrategia, se cuenta con una disminuci\u00f3n del 53% en robo de veh\u00edculo y del 24% en homicidio doloso.<br><\/p>\n\n\n\n<p>El trabajo conjunto de las autoridades de los tres \u00f3rdenes de gobierno es fundamental para continuar el avance en materia de seguridad en la Zona Oriente\u201d, dijo la Gobernadora Delfina G\u00f3mez \u00c1lvarez en redes sociales.<br><\/p>\n\n\n\n<figure class=\"wp-block-image size-large\"><img fetchpriority=\"high\" decoding=\"async\" width=\"1024\" height=\"506\" src=\"https:\/\/elinformante.mx\/wp-content\/uploads\/2026\/01\/8DELFINA-5-1024x506.jpg\" alt=\"\" class=\"wp-image-98307\" srcset=\"https:\/\/elinformante.mx\/wp-content\/uploads\/2026\/01\/8DELFINA-5-1024x506.jpg 1024w, https:\/\/elinformante.mx\/wp-content\/uploads\/2026\/01\/8DELFINA-5-300x148.jpg 300w, https:\/\/elinformante.mx\/wp-content\/uploads\/2026\/01\/8DELFINA-5-768x379.jpg 768w, https:\/\/elinformante.mx\/wp-content\/uploads\/2026\/01\/8DELFINA-5.jpg 1140w\" sizes=\"(max-width: 1024px) 100vw, 1024px\" \/><\/figure>\n\n\n\n<p>Durante la sesi\u00f3n de la Mesa de Paz, el General Alejandro Alc\u00e1ntara \u00c1vila, Coordinador del Mando Unificado Oriente, inform\u00f3 que estos resultados derivan de la coordinaci\u00f3n permanente entre fuerzas federales, estatales y municipales, as\u00ed como de la instalaci\u00f3n de puntos estrat\u00e9gicos de vigilancia y monitoreo para inhibir delitos de alto impacto.<br><\/p>\n\n\n\n<p>La estrategia impulsada por la Gobernadora Delfina G\u00f3mez \u00c1lvarez y respaldada por la Presidenta de M\u00e9xico, Claudia Sheinbaum Pardo, integra a elementos de la Guardia Nacional, Secretar\u00eda de la Defensa Nacional, Secretar\u00eda de Marina, Polic\u00eda Estatal y corporaciones municipales, quienes realizan labores de vigilancia focalizada en colonias consideradas prioritarias.<br><\/p>\n\n\n\n<p>El despliegue del Mando Unificado Oriente abarca los municipios de Chalco, Chicoloapan, Chimalhuac\u00e1n, Ecatepec, Ixtapaluca, Cuautitl\u00e1n Izcalli, Cuautitl\u00e1n, Naucalpan, Nezahualc\u00f3yotl, La Paz, Texcoco, Tlalnepantla, Valle de Chalco, Tultitl\u00e1n y Coacalco, donde se han reforzado patrullajes, filtros de revisi\u00f3n y acciones de inteligencia.<br><\/p>\n\n\n\n<p>A la Mesa de Paz n\u00famero seis del a\u00f1o, asistieron Horacio Duarte Olivares, Secretario General de Gobierno; Crist\u00f3bal Casta\u00f1eda Camarillo, Secretario de Seguridad; Maricela L\u00f3pez Urbina, Secretaria T\u00e9cnica de la Mesa de Paz; el General Alejandro Alc\u00e1ntara \u00c1vila; as\u00ed como Jos\u00e9 Luis Cervantes Mart\u00ednez, Fiscal General de Justicia del Estado de M\u00e9xico.<br><\/p>\n\n\n\n<p>Tambi\u00e9n participaron representantes de la Defensa, Marina, Guardia Nacional y del Centro Nacional de Inteligencia, as\u00ed como Presidentas y Presidentes municipales de la regi\u00f3n.<\/p>\n","protected":false},"excerpt":{"rendered":"<p>-Desde su implementaci\u00f3n, se registra una baja de 53% el robo de veh\u00edculos y 24% los homicidios dolosos. Con el Mando Unificado Oriente, estrategia de las Mesas de Paz que encabeza diariamente la Gobernadora Delfina G\u00f3mez \u00c1lvarez, se logr\u00f3 una reducci\u00f3n del 53 por ciento el robo de veh\u00edculos y del 24 por ciento en [&hellip;]<\/p>\n","protected":false},"author":1,"featured_media":98306,"comment_status":"closed","ping_status":"closed","sticky":false,"template":"","format":"standard","meta":{"footnotes":""},"categories":[30,36,31],"tags":[46],"class_list":["post-98303","post","type-post","status-publish","format-standard","has-post-thumbnail","hentry","category-destacado","category-edomex","category-portada","tag-portadaedomex"],"_links":{"self":[{"href":"https:\/\/elinformante.mx\/index.php?rest_route=\/wp\/v2\/posts\/98303","targetHints":{"allow":["GET"]}}],"collection":[{"href":"https:\/\/elinformante.mx\/index.php?rest_route=\/wp\/v2\/posts"}],"about":[{"href":"https:\/\/elinformante.mx\/index.php?rest_route=\/wp\/v2\/types\/post"}],"author":[{"embeddable":true,"href":"https:\/\/elinformante.mx\/index.php?rest_route=\/wp\/v2\/users\/1"}],"replies":[{"embeddable":true,"href":"https:\/\/elinformante.mx\/index.php?rest_route=%2Fwp%2Fv2%2Fcomments&post=98303"}],"version-history":[{"count":0,"href":"https:\/\/elinformante.mx\/index.php?rest_route=\/wp\/v2\/posts\/98303\/revisions"}],"wp:featuredmedia":[{"embeddable":true,"href":"https:\/\/elinformante.mx\/index.php?rest_route=\/wp\/v2\/media\/98306"}],"wp:attachment":[{"href":"https:\/\/elinformante.mx\/index.php?rest_route=%2Fwp%2Fv2%2Fmedia&parent=98303"}],"wp:term":[{"taxonomy":"category","embeddable":true,"href":"https:\/\/elinformante.mx\/index.php?rest_route=%2Fwp%2Fv2%2Fcategories&post=98303"},{"taxonomy":"post_tag","embeddable":true,"href":"https:\/\/elinformante.mx\/index.php?rest_route=%2Fwp%2Fv2%2Ftags&post=98303"}],"curies":[{"name":"wp","href":"https:\/\/api.w.org\/{rel}","templated":true}]}}