{"id":98308,"date":"2026-01-13T06:45:08","date_gmt":"2026-01-13T12:45:08","guid":{"rendered":"https:\/\/elinformante.mx\/?p=98308"},"modified":"2026-01-13T06:45:13","modified_gmt":"2026-01-13T12:45:13","slug":"en-miguel-hidalgo-este-2026-sera-el-ano-de-la-libertad-frente-al-autoritarismo-tabe","status":"publish","type":"post","link":"https:\/\/elinformante.mx\/?p=98308","title":{"rendered":"En Miguel Hidalgo este 2026 ser\u00e1 el a\u00f1o de la libertad frente al autoritarismo: Tabe"},"content":{"rendered":"\n<figure class=\"wp-block-pullquote\"><blockquote><p>-Inaugurar\u00e1n el Pabell\u00f3n de la Libertad en el Teatro \u00c1ngela Peralta para dar voz a presos pol\u00edticos y v\u00edctimas de los abusos de los gobiernos autoritarios.<\/p><\/blockquote><\/figure>\n\n\n\n<p class=\"has-drop-cap\">Mauricio Tabe, alcalde de Miguel Hidalgo, asegur\u00f3 que este 2026 ser\u00e1 el a\u00f1o de la libertad en la demarcaci\u00f3n y seguir\u00e1n defendiendo los derechos de la ciudadan\u00eda frente a los reg\u00edmenes dictatoriales que son una verdadera amenaza para las instituciones y la democracia, lo que ha encendido los focos rojos del autoritarismo.<br><\/p>\n\n\n\n<p>Indic\u00f3 que la alcald\u00eda seguir\u00e1 siendo el Basti\u00f3n de la Libertad, porque no hay libertad sin seguridad, sin espacios p\u00fablicos dignos y sin derechos garantizados para todos, por lo que, trabajar\u00e1n para que las y los vecinos vivan sin miedo.<br><\/p>\n\n\n\n<p>Tabe se\u00f1al\u00f3 que, como voz de las y los vecinos, en pr\u00f3ximos d\u00edas se inaugurar\u00e1 en el Teatro \u00c1ngela Peralta el Pabell\u00f3n de la Libertad porque el silencio implica complicidad y el autoritarismo ya pas\u00f3 en Cuba y en Venezuela, donde se acab\u00f3 con la democracia y con los sue\u00f1os y la esperanza de la gente.<br><\/p>\n\n\n\n<p>Tabe dijo que no se puede ser insensible ante los abusos del poder en el pa\u00eds o en cualquier parte del mundo, por lo que en MH se decidi\u00f3 asumir las causas de los presos pol\u00edticos en los gobiernos autoritarios para que en la memoria de todos siempre se tenga presente que guardar silencio solo perpet\u00faa las injusticias.<br><\/p>\n\n\n\n<p>El alcalde de Miguel Hidalgo destac\u00f3 que por ello en el Basti\u00f3n de la libertad, los espacios culturales y deportivos difundir\u00e1n los derechos y libertades y se compartir\u00e1n los testimonios de quienes han sido v\u00edctimas de los gobiernos autoritarios.<br><\/p>\n\n\n\n<p>Finalmente, Mauricio Tabe dijo que como parte de su programa de trabajo para este a\u00f1o est\u00e1 convertirse en la alcald\u00eda m\u00e1s segura de la Ciudad de M\u00e9xico y seguir trabajando en beneficio de las y los miguelhidalguenses para que vivan libres.<br><\/p>\n\n\n\n<p>El alcalde de Miguel Hidalgo estuvo acompa\u00f1ado por las directoras y directores integrantes de su gabinete.<\/p>\n","protected":false},"excerpt":{"rendered":"<p>-Inaugurar\u00e1n el Pabell\u00f3n de la Libertad en el Teatro \u00c1ngela Peralta para dar voz a presos pol\u00edticos y v\u00edctimas de los abusos de los gobiernos autoritarios. Mauricio Tabe, alcalde de Miguel Hidalgo, asegur\u00f3 que este 2026 ser\u00e1 el a\u00f1o de la libertad en la demarcaci\u00f3n y seguir\u00e1n defendiendo los derechos de la ciudadan\u00eda frente a [&hellip;]<\/p>\n","protected":false},"author":1,"featured_media":98312,"comment_status":"closed","ping_status":"closed","sticky":false,"template":"","format":"standard","meta":{"footnotes":""},"categories":[35,30],"tags":[],"class_list":["post-98308","post","type-post","status-publish","format-standard","has-post-thumbnail","hentry","category-cdmx","category-destacado"],"_links":{"self":[{"href":"https:\/\/elinformante.mx\/index.php?rest_route=\/wp\/v2\/posts\/98308","targetHints":{"allow":["GET"]}}],"collection":[{"href":"https:\/\/elinformante.mx\/index.php?rest_route=\/wp\/v2\/posts"}],"about":[{"href":"https:\/\/elinformante.mx\/index.php?rest_route=\/wp\/v2\/types\/post"}],"author":[{"embeddable":true,"href":"https:\/\/elinformante.mx\/index.php?rest_route=\/wp\/v2\/users\/1"}],"replies":[{"embeddable":true,"href":"https:\/\/elinformante.mx\/index.php?rest_route=%2Fwp%2Fv2%2Fcomments&post=98308"}],"version-history":[{"count":0,"href":"https:\/\/elinformante.mx\/index.php?rest_route=\/wp\/v2\/posts\/98308\/revisions"}],"wp:featuredmedia":[{"embeddable":true,"href":"https:\/\/elinformante.mx\/index.php?rest_route=\/wp\/v2\/media\/98312"}],"wp:attachment":[{"href":"https:\/\/elinformante.mx\/index.php?rest_route=%2Fwp%2Fv2%2Fmedia&parent=98308"}],"wp:term":[{"taxonomy":"category","embeddable":true,"href":"https:\/\/elinformante.mx\/index.php?rest_route=%2Fwp%2Fv2%2Fcategories&post=98308"},{"taxonomy":"post_tag","embeddable":true,"href":"https:\/\/elinformante.mx\/index.php?rest_route=%2Fwp%2Fv2%2Ftags&post=98308"}],"curies":[{"name":"wp","href":"https:\/\/api.w.org\/{rel}","templated":true}]}}