{"id":98315,"date":"2026-01-13T06:51:27","date_gmt":"2026-01-13T12:51:27","guid":{"rendered":"https:\/\/elinformante.mx\/?p=98315"},"modified":"2026-01-13T06:51:30","modified_gmt":"2026-01-13T12:51:30","slug":"evelyn-salgado-convoca-a-redoblar-esfuerzos-para-consolidar-la-transformacion-de-guerrero","status":"publish","type":"post","link":"https:\/\/elinformante.mx\/?p=98315","title":{"rendered":"Evelyn Salgado convoca a redoblar esfuerzos para consolidar la transformaci\u00f3n de Guerrero"},"content":{"rendered":"\n<figure class=\"wp-block-pullquote\"><blockquote><p>-Reconoce trabajo de las fuerzas de seguridad por resultados positivos de la temporada vacacional<\/p><\/blockquote><\/figure>\n\n\n\n<p class=\"has-drop-cap\">La gobernadora Evelyn Salgado Pineda destac\u00f3 que Guerrero cerr\u00f3 el 2025 con resultados positivos con una mayor actividad econ\u00f3mica, afluencia tur\u00edstica y saldo blanco en los distintos eventos y ferias, gracias a un exitoso operativo de seguridad decembrino en el que participaron las instituciones que integran la Mesa de Coordinaci\u00f3n para la Construcci\u00f3n de la Paz.<br><\/p>\n\n\n\n<p>Al presidir la ceremonia c\u00edvica mensual de Izamiento de Bandera en la Casa del Pueblo, correspondiente al mes de enero, la mandataria estatal reconoci\u00f3 el trabajo de las Fuerzas Armadas, las corporaciones de seguridad y de quienes integran la Mesa de Seguridad en Guerrero, luego de estos resultados favorables para la paz en la entidad.<br><\/p>\n\n\n\n<p>En su mensaje, resalt\u00f3 el trabajo coordinado, responsable y permanente que hizo posible que las familias guerrerenses y los visitantes disfrutaran de los destinos del estado con tranquilidad.<br><\/p>\n\n\n\n<p>Agreg\u00f3 que este 2026 ser\u00e1 un a\u00f1o de consolidaci\u00f3n y de trabajo arduo para que los avances se traduzcan en bienestar real en todas y cada una de las ocho regiones del estado, reconociendo el respaldo que ha brindado a Guerrero la presidenta de M\u00e9xico, Claudia Sheinbaum Pardo.<br><\/p>\n\n\n\n<p>En este sentido, puntualiz\u00f3 que la convivencia, el respeto y el di\u00e1logo se construyen desde la ni\u00f1ez y con el ejemplo, por lo que dese\u00f3 un a\u00f1o de \u00e9xito en sus estudios a los m\u00e1s de 700 mil estudiantes que regresan a clases en Guerrero.<br><\/p>\n\n\n\n<p>Durante su mensaje en el primer homenaje c\u00edvico del a\u00f1o, convoc\u00f3 a trabajar todos los d\u00edas por la justicia social, el bienestar de las familias y la transformaci\u00f3n profunda de Guerrero, con dignidad y orgullo en el servicio p\u00fablico.<br><\/p>\n\n\n\n<p>La mandataria estatal destac\u00f3 que gobernar es estar cerca del pueblo, como lo hizo este fin de semana durante una gira de trabajo por Acapulco y la Costa Grande junto a la presidenta Claudia Sheinbaum Pardo, escuchando a la ciudadan\u00eda y supervisando acciones de gobierno.<\/p>\n","protected":false},"excerpt":{"rendered":"<p>-Reconoce trabajo de las fuerzas de seguridad por resultados positivos de la temporada vacacional La gobernadora Evelyn Salgado Pineda destac\u00f3 que Guerrero cerr\u00f3 el 2025 con resultados positivos con una mayor actividad econ\u00f3mica, afluencia tur\u00edstica y saldo blanco en los distintos eventos y ferias, gracias a un exitoso operativo de seguridad decembrino en el que [&hellip;]<\/p>\n","protected":false},"author":1,"featured_media":98318,"comment_status":"closed","ping_status":"closed","sticky":false,"template":"","format":"standard","meta":{"footnotes":""},"categories":[34],"tags":[],"class_list":["post-98315","post","type-post","status-publish","format-standard","has-post-thumbnail","hentry","category-nacional"],"_links":{"self":[{"href":"https:\/\/elinformante.mx\/index.php?rest_route=\/wp\/v2\/posts\/98315","targetHints":{"allow":["GET"]}}],"collection":[{"href":"https:\/\/elinformante.mx\/index.php?rest_route=\/wp\/v2\/posts"}],"about":[{"href":"https:\/\/elinformante.mx\/index.php?rest_route=\/wp\/v2\/types\/post"}],"author":[{"embeddable":true,"href":"https:\/\/elinformante.mx\/index.php?rest_route=\/wp\/v2\/users\/1"}],"replies":[{"embeddable":true,"href":"https:\/\/elinformante.mx\/index.php?rest_route=%2Fwp%2Fv2%2Fcomments&post=98315"}],"version-history":[{"count":0,"href":"https:\/\/elinformante.mx\/index.php?rest_route=\/wp\/v2\/posts\/98315\/revisions"}],"wp:featuredmedia":[{"embeddable":true,"href":"https:\/\/elinformante.mx\/index.php?rest_route=\/wp\/v2\/media\/98318"}],"wp:attachment":[{"href":"https:\/\/elinformante.mx\/index.php?rest_route=%2Fwp%2Fv2%2Fmedia&parent=98315"}],"wp:term":[{"taxonomy":"category","embeddable":true,"href":"https:\/\/elinformante.mx\/index.php?rest_route=%2Fwp%2Fv2%2Fcategories&post=98315"},{"taxonomy":"post_tag","embeddable":true,"href":"https:\/\/elinformante.mx\/index.php?rest_route=%2Fwp%2Fv2%2Ftags&post=98315"}],"curies":[{"name":"wp","href":"https:\/\/api.w.org\/{rel}","templated":true}]}}