{"id":98317,"date":"2026-01-13T06:54:08","date_gmt":"2026-01-13T12:54:08","guid":{"rendered":"https:\/\/elinformante.mx\/?p=98317"},"modified":"2026-01-13T06:54:23","modified_gmt":"2026-01-13T12:54:23","slug":"marina-del-pilar-da-nuevas-oportunidades-a-personas-con-discapacidad-en-bc","status":"publish","type":"post","link":"https:\/\/elinformante.mx\/?p=98317","title":{"rendered":"Marina del Pilar da nuevas oportunidades a personas con discapacidad en BC"},"content":{"rendered":"\n<figure class=\"wp-block-pullquote\"><blockquote><p>Como parte de este esfuerzo, se entregaron pr\u00f3tesis de brazo y pierna, as\u00ed como \u00f3rtesis.<\/p><\/blockquote><\/figure>\n\n\n\n<p class=\"has-drop-cap\">Con el objetivo de mejorar la vida diaria de las personas con discapacidad, la administraci\u00f3n de la gobernadora Marina del Pilar Avila Olmeda destin\u00f3 2 millones 891 mil pesos para la elaboraci\u00f3n y entrega de pr\u00f3tesis en Baja California.<br><\/p>\n\n\n\n<p>\u201cEn este gobierno creemos que todas las personas merecen oportunidades, especialmente quienes viven con una discapacidad permanente. Una pr\u00f3tesis puede significar volver a moverse, recuperar confianza y avanzar con mayor independencia junto a sus familias \u201c, subray\u00f3 la mandataria.<br><\/p>\n\n\n\n<p>En dos jornadas realizadas a trav\u00e9s del Centro de Rehabilitaci\u00f3n Integral del Sistema DIF, se entregaron 63 pr\u00f3tesis: 33 en Mexicali y 30 en Tijuana, mejorando de forma directa la movilidad y autonom\u00eda de las y los beneficiarios.<br><\/p>\n\n\n\n<p>Adem\u00e1s de la seguridad y confianza que brinda cada pr\u00f3tesis elaborada de manera personalizada, estos apoyos representan un alivio econ\u00f3mico para las personas beneficiarias y sus familias, ya que su costo puede alcanzar cientos de miles de pesos, puntualiz\u00f3 la presidenta del Sistema DIF Baja California, Mavis Olmeda Garc\u00eda.<br><\/p>\n\n\n\n<p>Manuel Sillas, quien perdi\u00f3 tres extremidades tras un accidente, recibi\u00f3 este 2026 una pr\u00f3tesis de brazo, sum\u00e1ndose a la de pierna que le fue entregada en una edici\u00f3n anterior. Destac\u00f3 que este apoyo ha significado un impulso emocional y familiar para recuperar autonom\u00eda y seguir adelante.<br><\/p>\n\n\n\n<p>\u201cEste cambio tan importante en mi vida me ha devuelto el deseo de alcanzar nuevos retos, de vencer los desaf\u00edos que se presenten a como d\u00e9 lugar. Me ha otorgado la oportunidad de poder avanzar y seguir adelante firme, de pie\u201d, dijo al recibir su nueva pr\u00f3tesis de brazo.<br><\/p>\n\n\n\n<p>Alejandro Coloriana Garc\u00eda, de 19 a\u00f1os, recibi\u00f3 una pr\u00f3tesis de pierna tras perderla en un accidente y se\u00f1al\u00f3 que, adem\u00e1s del dispositivo, el acompa\u00f1amiento m\u00e9dico y de rehabilitaci\u00f3n que ha recibido en el CRI ha sido clave para su proceso de recuperaci\u00f3n.<br><\/p>\n\n\n\n<p>Como parte de este esfuerzo, se entregaron pr\u00f3tesis de brazo y pierna, as\u00ed como dispositivos que ayudan a sostener o corregir el movimiento de articulaciones, denominados \u00f3rtesis, adem\u00e1s de otros aparatos especializados, elaborados seg\u00fan las necesidades espec\u00edficas de cada persona.<br><\/p>\n\n\n\n<p>La mandataria reiter\u00f3 que su gobierno continuar\u00e1 impulsando acciones que reduzcan barreras y fortalezcan la independencia de las personas con discapacidad, con programas que se traduzcan en bienestar cotidiano y mayores oportunidades en todo el estado.<\/p>\n","protected":false},"excerpt":{"rendered":"<p>Como parte de este esfuerzo, se entregaron pr\u00f3tesis de brazo y pierna, as\u00ed como \u00f3rtesis. Con el objetivo de mejorar la vida diaria de las personas con discapacidad, la administraci\u00f3n de la gobernadora Marina del Pilar Avila Olmeda destin\u00f3 2 millones 891 mil pesos para la elaboraci\u00f3n y entrega de pr\u00f3tesis en Baja California. \u201cEn [&hellip;]<\/p>\n","protected":false},"author":1,"featured_media":98320,"comment_status":"closed","ping_status":"closed","sticky":false,"template":"","format":"standard","meta":{"footnotes":""},"categories":[30,34],"tags":[],"class_list":["post-98317","post","type-post","status-publish","format-standard","has-post-thumbnail","hentry","category-destacado","category-nacional"],"_links":{"self":[{"href":"https:\/\/elinformante.mx\/index.php?rest_route=\/wp\/v2\/posts\/98317","targetHints":{"allow":["GET"]}}],"collection":[{"href":"https:\/\/elinformante.mx\/index.php?rest_route=\/wp\/v2\/posts"}],"about":[{"href":"https:\/\/elinformante.mx\/index.php?rest_route=\/wp\/v2\/types\/post"}],"author":[{"embeddable":true,"href":"https:\/\/elinformante.mx\/index.php?rest_route=\/wp\/v2\/users\/1"}],"replies":[{"embeddable":true,"href":"https:\/\/elinformante.mx\/index.php?rest_route=%2Fwp%2Fv2%2Fcomments&post=98317"}],"version-history":[{"count":0,"href":"https:\/\/elinformante.mx\/index.php?rest_route=\/wp\/v2\/posts\/98317\/revisions"}],"wp:featuredmedia":[{"embeddable":true,"href":"https:\/\/elinformante.mx\/index.php?rest_route=\/wp\/v2\/media\/98320"}],"wp:attachment":[{"href":"https:\/\/elinformante.mx\/index.php?rest_route=%2Fwp%2Fv2%2Fmedia&parent=98317"}],"wp:term":[{"taxonomy":"category","embeddable":true,"href":"https:\/\/elinformante.mx\/index.php?rest_route=%2Fwp%2Fv2%2Fcategories&post=98317"},{"taxonomy":"post_tag","embeddable":true,"href":"https:\/\/elinformante.mx\/index.php?rest_route=%2Fwp%2Fv2%2Ftags&post=98317"}],"curies":[{"name":"wp","href":"https:\/\/api.w.org\/{rel}","templated":true}]}}