{"id":98321,"date":"2026-01-13T06:57:08","date_gmt":"2026-01-13T12:57:08","guid":{"rendered":"https:\/\/elinformante.mx\/?p=98321"},"modified":"2026-01-13T06:57:42","modified_gmt":"2026-01-13T12:57:42","slug":"horarios-de-clases-se-ajustan-en-seis-estados-por-frio-extremo-sep","status":"publish","type":"post","link":"https:\/\/elinformante.mx\/?p=98321","title":{"rendered":"Horarios de clases se ajustan en seis estados por fr\u00edo extremo: SEP"},"content":{"rendered":"\n<figure class=\"wp-block-pullquote\"><blockquote><p>Varios estados sufren por las bajas temperaturas; adem\u00e1s, en la CDMX se prev\u00e9n marchas y bloqueos viales.<\/p><\/blockquote><\/figure>\n\n\n\n<p class=\"has-drop-cap\">Se reanudaron en el pa\u00eds las actividades escolares con normalidad en al menos todas las entidades. Sin embargo, en este regreso, el retorno ocurre en un contexto marcado por bajas temperaturas, ajustes de horario en algunos estados y movilizaciones sociales que podr\u00edan afectar la movilidad en la CDMX.<br><\/p>\n\n\n\n<p>La Secretar\u00eda de Educaci\u00f3n P\u00fablica (SEP) inform\u00f3 que no existe una suspensi\u00f3n generalizada de clases; pero autoridades estatales aplicaron medidas preventivas ante el impacto del frente fr\u00edo n\u00famero 27, mientras que en la capital del pa\u00eds se anticipan marchas y bloqueos que podr\u00edan complicar los traslados a escuelas y centros de trabajo.<br><\/p>\n\n\n\n<p>La SEP se\u00f1al\u00f3 que los horarios escolares se conservan en la mayor parte del territorio nacional. No obstante, en las entidades m\u00e1s afectadas por las bajas temperaturas se autorizaron retrasos de hasta 30 minutos en la entrada o ajustes en la salida, principalmente en el turno matutino, para reducir la exposici\u00f3n al fr\u00edo durante las primeras horas del d\u00eda.<br><\/p>\n\n\n\n<p>Subrayaron que estas medidas son temporales y responden a condiciones clim\u00e1ticas espec\u00edficas, sin que ello implique la cancelaci\u00f3n de actividades escolares.<br><\/p>\n\n\n\n<p>El secretario de Educaci\u00f3n P\u00fablica, Mario Delgado Carrillo, inform\u00f3 que regresaron a clases 23.4 millones de estudiantes de Educaci\u00f3n B\u00e1sica en todo el pa\u00eds, junto con m\u00e1s de 1.2 millones de docentes, en un total de 231.7 mil escuelas p\u00fablicas y privadas<br><\/p>\n\n\n\n<p>Entre las entidades que tienen una alteraci\u00f3n en el horario escolar se encuentran:<br><\/p>\n\n\n\n<p>Puebla que mantiene el horario invernal hasta el 27 de febrero de 2026, con entradas y salidas retrasadas 30 minutos en educaci\u00f3n b\u00e1sica.<br><\/p>\n\n\n\n<p>Tlaxcala, en donde el turno matutino opera de 8:30 a 13:00 horas y el vespertino de 13:30 a 17:30. El esquema aplica en 784 escuelas y 21 Centros de Atenci\u00f3n M\u00faltiple.<br><\/p>\n\n\n\n<p>Quer\u00e9taro: Las primarias p\u00fablicas y escuelas ind\u00edgenas trabajan con horario especial: matutino de 8:30 a 12:30 y vespertino de 14:00 a 18:00 horas, vigente hasta el 20 de febrero.<br><\/p>\n\n\n\n<p>En San Luis Potos\u00ed se otorg\u00f3 tolerancia de 30 minutos en el ingreso matutino y se adelant\u00f3 la salida del turno vespertino. El horario invernal permanecer\u00e1 activo hasta el 21 de marzo.<br><\/p>\n\n\n\n<p>Mientras que en Nuevo Le\u00f3n las clases contin\u00faan con normalidad; sin embargo, si la temperatura desciende por debajo de 0 grados cent\u00edgrados, la asistencia queda a criterio de madres y padres de familia. La medida aplica a escuelas p\u00fablicas y privadas, con opci\u00f3n de clases a distancia.<br><\/p>\n\n\n\n<p>Finalizaron se\u00f1alando que en Coahuila las clases contin\u00faan con normalidad; sin embargo, si la temperatura desciende por debajo de 0 grados cent\u00edgrados, la asistencia queda a criterio de madres y padres de familia. La medida aplica a escuelas p\u00fablicas y privadas, con opci\u00f3n de clases a distancia.<br><\/p>\n\n\n\n<p>En el sureste del pa\u00eds, entidades como Veracruz, Oaxaca, Chiapas y Tabasco enfrentan lluvias intensas, rachas de viento y posible ca\u00edda de nieve en zonas monta\u00f1osas, lo que mantiene bajo vigilancia a las comunidades escolares.<\/p>\n","protected":false},"excerpt":{"rendered":"<p>Varios estados sufren por las bajas temperaturas; adem\u00e1s, en la CDMX se prev\u00e9n marchas y bloqueos viales. Se reanudaron en el pa\u00eds las actividades escolares con normalidad en al menos todas las entidades. Sin embargo, en este regreso, el retorno ocurre en un contexto marcado por bajas temperaturas, ajustes de horario en algunos estados y [&hellip;]<\/p>\n","protected":false},"author":1,"featured_media":98324,"comment_status":"closed","ping_status":"closed","sticky":false,"template":"","format":"standard","meta":{"footnotes":""},"categories":[30,34],"tags":[],"class_list":["post-98321","post","type-post","status-publish","format-standard","has-post-thumbnail","hentry","category-destacado","category-nacional"],"_links":{"self":[{"href":"https:\/\/elinformante.mx\/index.php?rest_route=\/wp\/v2\/posts\/98321","targetHints":{"allow":["GET"]}}],"collection":[{"href":"https:\/\/elinformante.mx\/index.php?rest_route=\/wp\/v2\/posts"}],"about":[{"href":"https:\/\/elinformante.mx\/index.php?rest_route=\/wp\/v2\/types\/post"}],"author":[{"embeddable":true,"href":"https:\/\/elinformante.mx\/index.php?rest_route=\/wp\/v2\/users\/1"}],"replies":[{"embeddable":true,"href":"https:\/\/elinformante.mx\/index.php?rest_route=%2Fwp%2Fv2%2Fcomments&post=98321"}],"version-history":[{"count":0,"href":"https:\/\/elinformante.mx\/index.php?rest_route=\/wp\/v2\/posts\/98321\/revisions"}],"wp:featuredmedia":[{"embeddable":true,"href":"https:\/\/elinformante.mx\/index.php?rest_route=\/wp\/v2\/media\/98324"}],"wp:attachment":[{"href":"https:\/\/elinformante.mx\/index.php?rest_route=%2Fwp%2Fv2%2Fmedia&parent=98321"}],"wp:term":[{"taxonomy":"category","embeddable":true,"href":"https:\/\/elinformante.mx\/index.php?rest_route=%2Fwp%2Fv2%2Fcategories&post=98321"},{"taxonomy":"post_tag","embeddable":true,"href":"https:\/\/elinformante.mx\/index.php?rest_route=%2Fwp%2Fv2%2Ftags&post=98321"}],"curies":[{"name":"wp","href":"https:\/\/api.w.org\/{rel}","templated":true}]}}