{"id":98340,"date":"2026-01-14T06:36:52","date_gmt":"2026-01-14T12:36:52","guid":{"rendered":"https:\/\/elinformante.mx\/?p=98340"},"modified":"2026-01-14T06:36:54","modified_gmt":"2026-01-14T12:36:54","slug":"denuncian-a-julio-iglesias-por-agresion-sexual-contra-dos-mujeres","status":"publish","type":"post","link":"https:\/\/elinformante.mx\/?p=98340","title":{"rendered":"Denuncian a Julio Iglesias por agresi\u00f3n sexual contra dos mujeres"},"content":{"rendered":"\n<figure class=\"wp-block-pullquote\"><blockquote><p>El espa\u00f1ol es uno de los artistas latinos con m\u00e1s ventas del mundo, con m\u00e1s de 300 millones de discos vendidos en 14 idiomas.<\/p><\/blockquote><\/figure>\n\n\n\n<p class=\"has-drop-cap\">Una fiscal\u00eda de la Audiencia Nacional espa\u00f1ola dijo el martes que estaba investigando las acusaciones de medios de comunicaci\u00f3n espa\u00f1oles y estadounidenses de que el cantante Julio Iglesias agredi\u00f3 sexualmente a dos exempleadas.<br><\/p>\n\n\n\n<p>Las mujeres, que habr\u00edan trabajado en las residencias caribe\u00f1as de Iglesias en Rep\u00fablica Dominicana y Bahamas durante un periodo de 10 meses en 2021, fueron citadas en una investigaci\u00f3n de tres a\u00f1os de la cadena estadounidense Univisi\u00f3n y el medio espa\u00f1ol elDiario.es publicada.<br><\/p>\n\n\n\n<p>Ambas mujeres denunciaron haber sufrido agresiones sexuales y acoso laboral mientras trabajaban para el cantante, informaron los medios. Seg\u00fan los informes, Iglesias las presion\u00f3 para que mantuvieran encuentros sexuales y las someti\u00f3 a otros abusos f\u00edsicos y verbales.<br><\/p>\n\n\n\n<p>La fiscal\u00eda dijo que hab\u00eda abierto diligencias preliminares tras la presentaci\u00f3n de una denuncia el 5 de enero. Los detalles del caso estaban amparados por normas de secreto que le imped\u00edan facilitar m\u00e1s informaci\u00f3n.<br><\/p>\n\n\n\n<p>Iglesias es uno de los artistas latinos con m\u00e1s ventas del mundo, con m\u00e1s de 300 millones de discos vendidos en 14 idiomas. Antiguo aspirante a futbolista, se dedic\u00f3 a la m\u00fasica despu\u00e9s de que un accidente de coche en 1963 pusiera fin a su carrera deportiva.<br><\/p>\n\n\n\n<p>Las acusaciones provocaron una ruidosa reacci\u00f3n en Espa\u00f1a, donde se le considera un tesoro nacional.<br><\/p>\n\n\n\n<p>Ana Redondo, ministra de Igualdad del gobierno socialista, dijo en un comunicado que respetaba la presunci\u00f3n de inocencia de Iglesias, pero que cre\u00eda en el testimonio de las mujeres.<br><\/p>\n\n\n\n<p>\u201cSe puede ser un excelente cantante y un excelente artista, pero tener un lado muy oscuro\u201d, dijo, elogiando a las mujeres por presentar sus denuncias.<br><\/p>\n\n\n\n<p>El partido de izquierdas Mas Madrid sugiri\u00f3 al gobierno derechista de la Comunidad de Madrid que despojara a Iglesias de las llaves de la ciudad que le fueron concedidas por ser el hijo m\u00e1s famoso de la capital. Iglesias ha apoyado en el pasado a candidatos pol\u00edticos conservadores.<\/p>\n","protected":false},"excerpt":{"rendered":"<p>El espa\u00f1ol es uno de los artistas latinos con m\u00e1s ventas del mundo, con m\u00e1s de 300 millones de discos vendidos en 14 idiomas. Una fiscal\u00eda de la Audiencia Nacional espa\u00f1ola dijo el martes que estaba investigando las acusaciones de medios de comunicaci\u00f3n espa\u00f1oles y estadounidenses de que el cantante Julio Iglesias agredi\u00f3 sexualmente a [&hellip;]<\/p>\n","protected":false},"author":1,"featured_media":98342,"comment_status":"closed","ping_status":"closed","sticky":false,"template":"","format":"standard","meta":{"footnotes":""},"categories":[39],"tags":[],"class_list":["post-98340","post","type-post","status-publish","format-standard","has-post-thumbnail","hentry","category-espectaculos"],"_links":{"self":[{"href":"https:\/\/elinformante.mx\/index.php?rest_route=\/wp\/v2\/posts\/98340","targetHints":{"allow":["GET"]}}],"collection":[{"href":"https:\/\/elinformante.mx\/index.php?rest_route=\/wp\/v2\/posts"}],"about":[{"href":"https:\/\/elinformante.mx\/index.php?rest_route=\/wp\/v2\/types\/post"}],"author":[{"embeddable":true,"href":"https:\/\/elinformante.mx\/index.php?rest_route=\/wp\/v2\/users\/1"}],"replies":[{"embeddable":true,"href":"https:\/\/elinformante.mx\/index.php?rest_route=%2Fwp%2Fv2%2Fcomments&post=98340"}],"version-history":[{"count":0,"href":"https:\/\/elinformante.mx\/index.php?rest_route=\/wp\/v2\/posts\/98340\/revisions"}],"wp:featuredmedia":[{"embeddable":true,"href":"https:\/\/elinformante.mx\/index.php?rest_route=\/wp\/v2\/media\/98342"}],"wp:attachment":[{"href":"https:\/\/elinformante.mx\/index.php?rest_route=%2Fwp%2Fv2%2Fmedia&parent=98340"}],"wp:term":[{"taxonomy":"category","embeddable":true,"href":"https:\/\/elinformante.mx\/index.php?rest_route=%2Fwp%2Fv2%2Fcategories&post=98340"},{"taxonomy":"post_tag","embeddable":true,"href":"https:\/\/elinformante.mx\/index.php?rest_route=%2Fwp%2Fv2%2Ftags&post=98340"}],"curies":[{"name":"wp","href":"https:\/\/api.w.org\/{rel}","templated":true}]}}