{"id":98349,"date":"2026-01-14T06:44:46","date_gmt":"2026-01-14T12:44:46","guid":{"rendered":"https:\/\/elinformante.mx\/?p=98349"},"modified":"2026-01-14T06:44:50","modified_gmt":"2026-01-14T12:44:50","slug":"reciben-agremiados-del-suteym-creditos-foavi","status":"publish","type":"post","link":"https:\/\/elinformante.mx\/?p=98349","title":{"rendered":"Reciben agremiados del Suteym cr\u00e9ditos FOAVI"},"content":{"rendered":"\n<figure class=\"wp-block-pullquote\"><blockquote><p>Cahue Calder\u00f3n expres\u00f3 que el contenido del Convenio de Sueldos y Prestaciones Socioecon\u00f3micas les ha costado 87 a\u00f1os y es resultado del trabajo en equipo de toda la familia suteymista.<\/p><\/blockquote><\/figure>\n\n\n\n<p class=\"has-drop-cap\">Servidoras y servidores p\u00fablicos agremiados al Sindicato \u00danico de Trabajadores de los Poderes, Municipios e Instituciones Descentralizadas del Estado de M\u00e9xico (Suteym), con adscripci\u00f3n en dependencias del sector central, y de diferentes puntos de la entidad, recibieron cr\u00e9ditos del Fondo de Apoyo a la Vivienda, en las modalidades de autoconstrucci\u00f3n y redenci\u00f3n de gravamen.<br><\/p>\n\n\n\n<p>Herminio Cahue Calder\u00f3n, secretario general del sindicato, presidi\u00f3 la entrega de esta prestaci\u00f3n que, se\u00f1al\u00f3, va directamente y fortalece al seno familiar. En este sentido, puntualiz\u00f3 que el cr\u00e9dito se otorga a cero intereses, lo que lo hace \u00fanico en su tipo.<br><\/p>\n\n\n\n<p>Cahue Calder\u00f3n expres\u00f3 que el contenido del Convenio de Sueldos y Prestaciones Socioecon\u00f3micas les ha costado 87 a\u00f1os y es resultado del trabajo en equipo de toda la familia suteymista. Enfatiz\u00f3 que han encontrado eco en la maestra Delfina G\u00f3mez \u00c1lvarez, gobernadora constitucional de Estado de M\u00e9xico; lo que ha beneficiado de manera general a la membres\u00eda.<br><\/p>\n\n\n\n<p>\u201cYo voy a seguir insistiendo, compa\u00f1eras y compa\u00f1eros, que s\u00ed se puede hacer un sindicalismo de la mano, s\u00ed se puede hacer un sindicalismo transparente, s\u00ed se puede hacer un sindicalismo con respuestas que fortalezcan a los verdaderos patrones de un representante sindical: que son todos los servidores p\u00fablicos suteymistas del Estado de M\u00e9xico\u201d, expres\u00f3 Herminio Cahue.<br><\/p>\n\n\n\n<p>En su mensaje, Rosalinda Arizmendi Garc\u00eda, secretaria de Vivienda, destac\u00f3 que el dirigente estatal protege el sustento y lucha por la estabilidad econ\u00f3mica de la membres\u00eda.<br><\/p>\n\n\n\n<p>Refiri\u00f3 que detr\u00e1s de cada apoyo est\u00e1 la gesti\u00f3n del Secretario General ante el gobierno estatal; asimismo, subray\u00f3 que la prestaci\u00f3n es fruto del esfuerzo compartido entre la organizaci\u00f3n y el GEM, para asegurar el bienestar de las familias.<br><\/p>\n\n\n\n<p>En el evento, sindicalistas expresaron su gratitud y reconocimiento a la labor dedicada y minuciosa para fortalecer el patrimonio y calidad de vida de las y los agremiados y sus familias.<\/p>\n","protected":false},"excerpt":{"rendered":"<p>Cahue Calder\u00f3n expres\u00f3 que el contenido del Convenio de Sueldos y Prestaciones Socioecon\u00f3micas les ha costado 87 a\u00f1os y es resultado del trabajo en equipo de toda la familia suteymista. Servidoras y servidores p\u00fablicos agremiados al Sindicato \u00danico de Trabajadores de los Poderes, Municipios e Instituciones Descentralizadas del Estado de M\u00e9xico (Suteym), con adscripci\u00f3n en [&hellip;]<\/p>\n","protected":false},"author":1,"featured_media":98352,"comment_status":"closed","ping_status":"closed","sticky":false,"template":"","format":"standard","meta":{"footnotes":""},"categories":[36],"tags":[],"class_list":["post-98349","post","type-post","status-publish","format-standard","has-post-thumbnail","hentry","category-edomex"],"_links":{"self":[{"href":"https:\/\/elinformante.mx\/index.php?rest_route=\/wp\/v2\/posts\/98349","targetHints":{"allow":["GET"]}}],"collection":[{"href":"https:\/\/elinformante.mx\/index.php?rest_route=\/wp\/v2\/posts"}],"about":[{"href":"https:\/\/elinformante.mx\/index.php?rest_route=\/wp\/v2\/types\/post"}],"author":[{"embeddable":true,"href":"https:\/\/elinformante.mx\/index.php?rest_route=\/wp\/v2\/users\/1"}],"replies":[{"embeddable":true,"href":"https:\/\/elinformante.mx\/index.php?rest_route=%2Fwp%2Fv2%2Fcomments&post=98349"}],"version-history":[{"count":0,"href":"https:\/\/elinformante.mx\/index.php?rest_route=\/wp\/v2\/posts\/98349\/revisions"}],"wp:featuredmedia":[{"embeddable":true,"href":"https:\/\/elinformante.mx\/index.php?rest_route=\/wp\/v2\/media\/98352"}],"wp:attachment":[{"href":"https:\/\/elinformante.mx\/index.php?rest_route=%2Fwp%2Fv2%2Fmedia&parent=98349"}],"wp:term":[{"taxonomy":"category","embeddable":true,"href":"https:\/\/elinformante.mx\/index.php?rest_route=%2Fwp%2Fv2%2Fcategories&post=98349"},{"taxonomy":"post_tag","embeddable":true,"href":"https:\/\/elinformante.mx\/index.php?rest_route=%2Fwp%2Fv2%2Ftags&post=98349"}],"curies":[{"name":"wp","href":"https:\/\/api.w.org\/{rel}","templated":true}]}}