{"id":98353,"date":"2026-01-14T06:51:42","date_gmt":"2026-01-14T12:51:42","guid":{"rendered":"https:\/\/elinformante.mx\/?p=98353"},"modified":"2026-01-14T06:51:48","modified_gmt":"2026-01-14T12:51:48","slug":"entregan-en-san-mateo-atenco-regalos-y-sonrisas-a-ninas-y-ninos","status":"publish","type":"post","link":"https:\/\/elinformante.mx\/?p=98353","title":{"rendered":"Entregan en San Mateo Atenco regalos y sonrisas a ni\u00f1as y ni\u00f1os"},"content":{"rendered":"\n<figure class=\"wp-block-pullquote\"><blockquote><p>En compa\u00f1\u00eda de Melchor, Gaspar y Baltazar llegaron a varias escuelas para entregar regalos y mucha alegr\u00eda a la ni\u00f1ez atenquense.<\/p><\/blockquote><\/figure>\n\n\n\n<p class=\"has-drop-cap\">El gobierno municipal de San Mateo Atenco, encabezado por la presidenta municipal, Ana Mu\u00f1iz Neyra, contin\u00faa recorriendo junto con autoridades del DIF San Mateo Atenco las escuelas del municipio.<br><\/p>\n\n\n\n<p>En compa\u00f1\u00eda de Melchor, Gaspar y Baltazar llegaron a varias escuelas para entregar regalos y mucha alegr\u00eda a la ni\u00f1ez atenquense.<br><\/p>\n\n\n\n<p>La entrega comenz\u00f3 visitando la primaria Francisco I. Madero, en el barrio San Francisco, donde adem\u00e1s de compartir este bello momento lleno de emoci\u00f3n con toda la comunidad educativa.<br><\/p>\n\n\n\n<figure class=\"wp-block-image size-large\"><img fetchpriority=\"high\" decoding=\"async\" width=\"1024\" height=\"506\" src=\"https:\/\/elinformante.mx\/wp-content\/uploads\/2026\/01\/12mateo-1024x506.jpg\" alt=\"\" class=\"wp-image-98357\" srcset=\"https:\/\/elinformante.mx\/wp-content\/uploads\/2026\/01\/12mateo-1024x506.jpg 1024w, https:\/\/elinformante.mx\/wp-content\/uploads\/2026\/01\/12mateo-300x148.jpg 300w, https:\/\/elinformante.mx\/wp-content\/uploads\/2026\/01\/12mateo-768x379.jpg 768w, https:\/\/elinformante.mx\/wp-content\/uploads\/2026\/01\/12mateo.jpg 1140w\" sizes=\"(max-width: 1024px) 100vw, 1024px\" \/><\/figure>\n\n\n\n<p>Ante ni\u00f1as y ni\u00f1os de la escuela, reafirmaron que el Gobierno Municipal de San Mateo Atenco y el DIF San Mateo Atenco seguir\u00e1n trabajando para que ellos vivan felices, saludables y con bienestar.<br><\/p>\n\n\n\n<p>La caravana continu\u00f3 su recorrido, llegando a la primaria Guadalupe Victoria, en el barrio de Guadalupe, donde continu\u00f3 la entrega de los juguetes que Melchor, Gaspar y Baltazar dejaron en el Gobierno Municipal de San Mateo Atenco y el DIF San Mateo Atenco para las ni\u00f1as y ni\u00f1os atenquenses.<br><\/p>\n\n\n\n<p>Las autoridades recalcaron que las acciones no terminan, por lo que continuar\u00e1n trabajando con todo el coraz\u00f3n por su futuro y su bienestar de la ni\u00f1ez de San Mateo Atenco.<\/p>\n","protected":false},"excerpt":{"rendered":"<p>En compa\u00f1\u00eda de Melchor, Gaspar y Baltazar llegaron a varias escuelas para entregar regalos y mucha alegr\u00eda a la ni\u00f1ez atenquense. El gobierno municipal de San Mateo Atenco, encabezado por la presidenta municipal, Ana Mu\u00f1iz Neyra, contin\u00faa recorriendo junto con autoridades del DIF San Mateo Atenco las escuelas del municipio. En compa\u00f1\u00eda de Melchor, Gaspar [&hellip;]<\/p>\n","protected":false},"author":1,"featured_media":98356,"comment_status":"closed","ping_status":"closed","sticky":false,"template":"","format":"standard","meta":{"footnotes":""},"categories":[36],"tags":[],"class_list":["post-98353","post","type-post","status-publish","format-standard","has-post-thumbnail","hentry","category-edomex"],"_links":{"self":[{"href":"https:\/\/elinformante.mx\/index.php?rest_route=\/wp\/v2\/posts\/98353","targetHints":{"allow":["GET"]}}],"collection":[{"href":"https:\/\/elinformante.mx\/index.php?rest_route=\/wp\/v2\/posts"}],"about":[{"href":"https:\/\/elinformante.mx\/index.php?rest_route=\/wp\/v2\/types\/post"}],"author":[{"embeddable":true,"href":"https:\/\/elinformante.mx\/index.php?rest_route=\/wp\/v2\/users\/1"}],"replies":[{"embeddable":true,"href":"https:\/\/elinformante.mx\/index.php?rest_route=%2Fwp%2Fv2%2Fcomments&post=98353"}],"version-history":[{"count":0,"href":"https:\/\/elinformante.mx\/index.php?rest_route=\/wp\/v2\/posts\/98353\/revisions"}],"wp:featuredmedia":[{"embeddable":true,"href":"https:\/\/elinformante.mx\/index.php?rest_route=\/wp\/v2\/media\/98356"}],"wp:attachment":[{"href":"https:\/\/elinformante.mx\/index.php?rest_route=%2Fwp%2Fv2%2Fmedia&parent=98353"}],"wp:term":[{"taxonomy":"category","embeddable":true,"href":"https:\/\/elinformante.mx\/index.php?rest_route=%2Fwp%2Fv2%2Fcategories&post=98353"},{"taxonomy":"post_tag","embeddable":true,"href":"https:\/\/elinformante.mx\/index.php?rest_route=%2Fwp%2Fv2%2Ftags&post=98353"}],"curies":[{"name":"wp","href":"https:\/\/api.w.org\/{rel}","templated":true}]}}