{"id":98355,"date":"2026-01-14T06:53:12","date_gmt":"2026-01-14T12:53:12","guid":{"rendered":"https:\/\/elinformante.mx\/?p=98355"},"modified":"2026-01-14T06:53:17","modified_gmt":"2026-01-14T12:53:17","slug":"alista-naucalpan-la-gran-feria-del-empleo-2026","status":"publish","type":"post","link":"https:\/\/elinformante.mx\/?p=98355","title":{"rendered":"Alista Naucalpan la Gran Feria del Empleo 2026"},"content":{"rendered":"\n<figure class=\"wp-block-pullquote\"><blockquote><p>-Este evento busca impulsar las oportunidades laborales en el municipio.<\/p><\/blockquote><\/figure>\n\n\n\n<p class=\"has-drop-cap\">El Gobierno de Ciudad Naucalpan anunci\u00f3 la realizaci\u00f3n de la Gran Feria del Empleo Naucalpan 2026, con el objetivo de fortalecer la econom\u00eda local y apoyar a las personas que se encuentran en b\u00fasqueda de trabajo<br><\/p>\n\n\n\n<p>El evento reunir\u00e1 diversas oportunidades laborales formales, dignas y con derechos para la poblaci\u00f3n y es organizado a trav\u00e9s de la Direcci\u00f3n de Desarrollo y Fomento Econ\u00f3mico, pensada como un espacio de encuentro entre empresas, sectores productivos y vecinas y vecinos que buscan integrarse al mercado laboral.<br><\/p>\n\n\n\n<p>Autoridades se\u00f1alaron que esta iniciativa busca acercar empleos reales y bien remunerados, priorizando el talento local y fomentando el crecimiento econ\u00f3mico del municipio.<br><\/p>\n\n\n\n<p>La principal finalidad de esta feria es la de poder vincular de manera directa a buscadoras y buscadores de empleo con empresas que actualmente requieren personal en distintas \u00e1reas, facilitando los procesos de contrataci\u00f3n y reduciendo las dificultades que enfrentan muchas personas al momento de buscar una fuente de ingresos estable.<br><\/p>\n\n\n\n<p>El evento se llevar\u00e1 a cabo el mi\u00e9rcoles 18 de marzo, en un horario de 9:00 a 17:00 horas, en la Explanada del Parque Revoluci\u00f3n, ubicada en Avenida 16 de Septiembre sin n\u00famero, en Naucalpan Centro.<br><\/p>\n\n\n\n<p>Durante toda la jornada, las y los asistentes podr\u00e1n recorrer los m\u00f3dulos de las empresas participantes, conocer las vacantes disponibles y entregar solicitudes o curr\u00edculums directamente a los reclutadores.<br><\/p>\n\n\n\n<p>El gobierno de Naucalpan hizo un llamado a la poblaci\u00f3n interesada para asistir con documentaci\u00f3n b\u00e1sica, como solicitudes de empleo o curr\u00edculum vitae, y aprovechar al m\u00e1ximo esta jornada. Asimismo, reiter\u00f3 su compromiso de seguir generando pol\u00edticas p\u00fablicas que impulsen el desarrollo econ\u00f3mico y social de la ciudad.<\/p>\n","protected":false},"excerpt":{"rendered":"<p>-Este evento busca impulsar las oportunidades laborales en el municipio. El Gobierno de Ciudad Naucalpan anunci\u00f3 la realizaci\u00f3n de la Gran Feria del Empleo Naucalpan 2026, con el objetivo de fortalecer la econom\u00eda local y apoyar a las personas que se encuentran en b\u00fasqueda de trabajo El evento reunir\u00e1 diversas oportunidades laborales formales, dignas y [&hellip;]<\/p>\n","protected":false},"author":1,"featured_media":98359,"comment_status":"closed","ping_status":"closed","sticky":false,"template":"","format":"standard","meta":{"footnotes":""},"categories":[36],"tags":[],"class_list":["post-98355","post","type-post","status-publish","format-standard","has-post-thumbnail","hentry","category-edomex"],"_links":{"self":[{"href":"https:\/\/elinformante.mx\/index.php?rest_route=\/wp\/v2\/posts\/98355","targetHints":{"allow":["GET"]}}],"collection":[{"href":"https:\/\/elinformante.mx\/index.php?rest_route=\/wp\/v2\/posts"}],"about":[{"href":"https:\/\/elinformante.mx\/index.php?rest_route=\/wp\/v2\/types\/post"}],"author":[{"embeddable":true,"href":"https:\/\/elinformante.mx\/index.php?rest_route=\/wp\/v2\/users\/1"}],"replies":[{"embeddable":true,"href":"https:\/\/elinformante.mx\/index.php?rest_route=%2Fwp%2Fv2%2Fcomments&post=98355"}],"version-history":[{"count":0,"href":"https:\/\/elinformante.mx\/index.php?rest_route=\/wp\/v2\/posts\/98355\/revisions"}],"wp:featuredmedia":[{"embeddable":true,"href":"https:\/\/elinformante.mx\/index.php?rest_route=\/wp\/v2\/media\/98359"}],"wp:attachment":[{"href":"https:\/\/elinformante.mx\/index.php?rest_route=%2Fwp%2Fv2%2Fmedia&parent=98355"}],"wp:term":[{"taxonomy":"category","embeddable":true,"href":"https:\/\/elinformante.mx\/index.php?rest_route=%2Fwp%2Fv2%2Fcategories&post=98355"},{"taxonomy":"post_tag","embeddable":true,"href":"https:\/\/elinformante.mx\/index.php?rest_route=%2Fwp%2Fv2%2Ftags&post=98355"}],"curies":[{"name":"wp","href":"https:\/\/api.w.org\/{rel}","templated":true}]}}