{"id":98358,"date":"2026-01-14T06:56:33","date_gmt":"2026-01-14T12:56:33","guid":{"rendered":"https:\/\/elinformante.mx\/?p=98358"},"modified":"2026-01-14T06:56:36","modified_gmt":"2026-01-14T12:56:36","slug":"manuel-vilchis-preve-avances-en-salud-para-zinacantepec-en-2026","status":"publish","type":"post","link":"https:\/\/elinformante.mx\/?p=98358","title":{"rendered":"Manuel Vilchis prev\u00e9 avances en salud para Zinacantepec en 2026"},"content":{"rendered":"\n<figure class=\"wp-block-pullquote\"><blockquote><p>Se\u00f1al\u00f3 que 2026 ser\u00e1 un a\u00f1o clave para consolidar el trabajo realizado durante casi cinco a\u00f1os de gobierno.<\/p><\/blockquote><\/figure>\n\n\n\n<p class=\"has-drop-cap\">El presidente municipal de Zinacantepec, Manuel Vilchis Viveros, inform\u00f3 que para el presente a\u00f1o se tendr\u00e1 un incremento en el presupuesto destinado al rubro de salud, lo que abre la expectativa de obtener una respuesta favorable para avanzar en el proyecto del hospital en el municipio.<br><\/p>\n\n\n\n<p>Detall\u00f3 que dicho proyecto se encuentra en una etapa final de revisi\u00f3n legal, a la espera de que el abogado correspondiente realice los \u00faltimos tr\u00e1mites necesarios para su procuraci\u00f3n, lo que permitir\u00eda dar un paso importante en materia de infraestructura y atenci\u00f3n m\u00e9dica para la poblaci\u00f3n.<br><\/p>\n\n\n\n<p>Se\u00f1al\u00f3 que 2026 ser\u00e1 un a\u00f1o clave para consolidar el trabajo realizado durante casi cinco a\u00f1os de gobierno, periodo en el que \u2014dijo\u2014 se ha marcado un rumbo basado en el trabajo constante y la atenci\u00f3n a las necesidades ciudadanas.<br><\/p>\n\n\n\n<p>Destac\u00f3 que este a\u00f1o permitir\u00e1 ponerle el sello a su administraci\u00f3n y dar continuidad a proyectos estrat\u00e9gicos, como el denominado Cine Caterpillar, enfocado en el desarrollo social y cultural del municipio.<br><\/p>\n\n\n\n<p>Recalc\u00f3 que la relaci\u00f3n con el Gobierno del Estado de M\u00e9xico es satisfactoria, y agradeci\u00f3 por el respaldo recibido, al considerar que la atenci\u00f3n estatal ha contribuido a impulsar el crecimiento y transformaci\u00f3n de Zinacantepec.<br><\/p>\n\n\n\n<p>Manuel Vilchis agradeci\u00f3 el acompa\u00f1amiento de los medios de comunicaci\u00f3n y dese\u00f3 un buen inicio de a\u00f1o a la ciudadan\u00eda, reiterando su compromiso de seguir trabajando para que Zinacantepec contin\u00fae mejorando.<\/p>\n","protected":false},"excerpt":{"rendered":"<p>Se\u00f1al\u00f3 que 2026 ser\u00e1 un a\u00f1o clave para consolidar el trabajo realizado durante casi cinco a\u00f1os de gobierno. El presidente municipal de Zinacantepec, Manuel Vilchis Viveros, inform\u00f3 que para el presente a\u00f1o se tendr\u00e1 un incremento en el presupuesto destinado al rubro de salud, lo que abre la expectativa de obtener una respuesta favorable para [&hellip;]<\/p>\n","protected":false},"author":1,"featured_media":98361,"comment_status":"closed","ping_status":"closed","sticky":false,"template":"","format":"standard","meta":{"footnotes":""},"categories":[30,36],"tags":[],"class_list":["post-98358","post","type-post","status-publish","format-standard","has-post-thumbnail","hentry","category-destacado","category-edomex"],"_links":{"self":[{"href":"https:\/\/elinformante.mx\/index.php?rest_route=\/wp\/v2\/posts\/98358","targetHints":{"allow":["GET"]}}],"collection":[{"href":"https:\/\/elinformante.mx\/index.php?rest_route=\/wp\/v2\/posts"}],"about":[{"href":"https:\/\/elinformante.mx\/index.php?rest_route=\/wp\/v2\/types\/post"}],"author":[{"embeddable":true,"href":"https:\/\/elinformante.mx\/index.php?rest_route=\/wp\/v2\/users\/1"}],"replies":[{"embeddable":true,"href":"https:\/\/elinformante.mx\/index.php?rest_route=%2Fwp%2Fv2%2Fcomments&post=98358"}],"version-history":[{"count":0,"href":"https:\/\/elinformante.mx\/index.php?rest_route=\/wp\/v2\/posts\/98358\/revisions"}],"wp:featuredmedia":[{"embeddable":true,"href":"https:\/\/elinformante.mx\/index.php?rest_route=\/wp\/v2\/media\/98361"}],"wp:attachment":[{"href":"https:\/\/elinformante.mx\/index.php?rest_route=%2Fwp%2Fv2%2Fmedia&parent=98358"}],"wp:term":[{"taxonomy":"category","embeddable":true,"href":"https:\/\/elinformante.mx\/index.php?rest_route=%2Fwp%2Fv2%2Fcategories&post=98358"},{"taxonomy":"post_tag","embeddable":true,"href":"https:\/\/elinformante.mx\/index.php?rest_route=%2Fwp%2Fv2%2Ftags&post=98358"}],"curies":[{"name":"wp","href":"https:\/\/api.w.org\/{rel}","templated":true}]}}