{"id":98380,"date":"2026-01-14T07:36:41","date_gmt":"2026-01-14T13:36:41","guid":{"rendered":"https:\/\/elinformante.mx\/?p=98380"},"modified":"2026-01-14T07:36:43","modified_gmt":"2026-01-14T13:36:43","slug":"invita-unam-a-participar-en-el-mega-reciclatron-2026","status":"publish","type":"post","link":"https:\/\/elinformante.mx\/?p=98380","title":{"rendered":"Invita UNAM a participar en el Mega Reciclatr\u00f3n 2026"},"content":{"rendered":"\n<figure class=\"wp-block-pullquote\"><blockquote><p>-Se recibir\u00e1n pilas, celulares y todos los residuos electr\u00f3nicos viejos<\/p><\/blockquote><\/figure>\n\n\n\n<p class=\"has-drop-cap\">Para evitar que los Residuos de Aparatos El\u00e9ctricos y Electr\u00f3nicos (RAEE) sean desechados de manera incorrecta porque contienen componentes peligrosos como el plomo, el mercurio y el litio que pueden generar da\u00f1os a la salud y al medio ambiente, la Universidad Nacional Aut\u00f3noma de M\u00e9xico (UNAM) anunci\u00f3 su Jornada de Acopio de Residuos Electr\u00f3nicos y El\u00e9ctricos conocida como Mega Reciclatr\u00f3n 2026.<br><\/p>\n\n\n\n<p>En este evento se podr\u00e1n desechar desde los celulares viejos, las pilas usadas, las computadoras, los electrodom\u00e9sticos, entre otros, de forma f\u00e1cil y segura.<br><\/p>\n\n\n\n<p>Esta jornada de reciclaje es impulsada por la Secretar\u00eda del Medio Ambiente del Gobierno de la Ciudad de M\u00e9xico.<br><\/p>\n\n\n\n<p>El Mega Reciclatr\u00f3n 2026 de la UNAM se llevar\u00e1 a cabo el jueves 29 y viernes 30 de enero del 2026, en un horario de las 9:00 horas a las 16:00 horas; en el estacionamiento 8, del Estadio Ol\u00edmpico Universitario, ubicado en Avenida Insurgentes Centro S\/N, Ciudad Universitaria, alcald\u00eda Coyoac\u00e1n en la Ciudad de M\u00e9xico.<br><\/p>\n\n\n\n<p>Los Residuos de Aparatos El\u00e9ctricos y Electr\u00f3nicos que se recibir\u00e1n en el Mega Reciclatr\u00f3n 2026 son los siguientes: Pilas (deben estar dentro de un contenedor reutilizado y limpio), celulares, cables, aud\u00edfonos, tabletas, CPU, refrigeradores, lavadoras, cafeteras, bocinas, controles, secadoras, planchas, casetes, discos, microondas, ventiladores, laptops, impresoras, toners y drones.<br><\/p>\n\n\n\n<p>Hay algunos aparatos que no se recibir\u00e1n, como son los focos ahorradores, cableado p\u00fablico, l\u00e1mparas fluorescentes, m\u00f3dems y equipos desarmados y rotos.<\/p>\n","protected":false},"excerpt":{"rendered":"<p>-Se recibir\u00e1n pilas, celulares y todos los residuos electr\u00f3nicos viejos Para evitar que los Residuos de Aparatos El\u00e9ctricos y Electr\u00f3nicos (RAEE) sean desechados de manera incorrecta porque contienen componentes peligrosos como el plomo, el mercurio y el litio que pueden generar da\u00f1os a la salud y al medio ambiente, la Universidad Nacional Aut\u00f3noma de M\u00e9xico [&hellip;]<\/p>\n","protected":false},"author":1,"featured_media":98384,"comment_status":"closed","ping_status":"closed","sticky":false,"template":"","format":"standard","meta":{"footnotes":""},"categories":[35],"tags":[],"class_list":["post-98380","post","type-post","status-publish","format-standard","has-post-thumbnail","hentry","category-cdmx"],"_links":{"self":[{"href":"https:\/\/elinformante.mx\/index.php?rest_route=\/wp\/v2\/posts\/98380","targetHints":{"allow":["GET"]}}],"collection":[{"href":"https:\/\/elinformante.mx\/index.php?rest_route=\/wp\/v2\/posts"}],"about":[{"href":"https:\/\/elinformante.mx\/index.php?rest_route=\/wp\/v2\/types\/post"}],"author":[{"embeddable":true,"href":"https:\/\/elinformante.mx\/index.php?rest_route=\/wp\/v2\/users\/1"}],"replies":[{"embeddable":true,"href":"https:\/\/elinformante.mx\/index.php?rest_route=%2Fwp%2Fv2%2Fcomments&post=98380"}],"version-history":[{"count":0,"href":"https:\/\/elinformante.mx\/index.php?rest_route=\/wp\/v2\/posts\/98380\/revisions"}],"wp:featuredmedia":[{"embeddable":true,"href":"https:\/\/elinformante.mx\/index.php?rest_route=\/wp\/v2\/media\/98384"}],"wp:attachment":[{"href":"https:\/\/elinformante.mx\/index.php?rest_route=%2Fwp%2Fv2%2Fmedia&parent=98380"}],"wp:term":[{"taxonomy":"category","embeddable":true,"href":"https:\/\/elinformante.mx\/index.php?rest_route=%2Fwp%2Fv2%2Fcategories&post=98380"},{"taxonomy":"post_tag","embeddable":true,"href":"https:\/\/elinformante.mx\/index.php?rest_route=%2Fwp%2Fv2%2Ftags&post=98380"}],"curies":[{"name":"wp","href":"https:\/\/api.w.org\/{rel}","templated":true}]}}