{"id":98391,"date":"2026-01-14T07:54:43","date_gmt":"2026-01-14T13:54:43","guid":{"rendered":"https:\/\/elinformante.mx\/?p=98391"},"modified":"2026-01-14T07:54:48","modified_gmt":"2026-01-14T13:54:48","slug":"puebla-es-lider-nacional-en-inversion-extranjera-directa-alejandro-armenta","status":"publish","type":"post","link":"https:\/\/elinformante.mx\/?p=98391","title":{"rendered":"Puebla es l\u00edder nacional en inversi\u00f3n extranjera directa: Alejandro Armenta"},"content":{"rendered":"\n<figure class=\"wp-block-pullquote\"><blockquote><p>El gobernador destac\u00f3 que se construir\u00e1n dos CERHAN m\u00e1s para fortalecer la industria local y nacional .<\/p><\/blockquote><\/figure>\n\n\n\n<p class=\"has-drop-cap\">Al liderar la captaci\u00f3n de Inversi\u00f3n Extranjera Directa (IED) con el 21.67 por ciento a nivel nacional, equivalente a 413 millones de d\u00f3lares, es fundamental que Puebla contin\u00fae con la apuesta por los centros de formaci\u00f3n y la vinculaci\u00f3n de la academia con la industria, a fin de orientar las necesidades de especializaci\u00f3n entre los j\u00f3venes talentos, consider\u00f3 el director general de la Industria Nacional de Autopartes (INA), Gabriel Padilla.<br><\/p>\n\n\n\n<p>Al respecto, el gobernador de Puebla, Alejandro Armenta, explic\u00f3 que a trav\u00e9s de la Secretar\u00eda Desarrollo Econ\u00f3mico y Trabajo, en colaboraci\u00f3n con las universidades, se vinculan las vocaciones productivas en cada regi\u00f3n a fin de fortalecer sus capacidades.<br><\/p>\n\n\n\n<p>Record\u00f3 que para 2026 la administraci\u00f3n que encabeza construir\u00e1 dos Centros de Especializaci\u00f3n de Recursos Humanos de Alto Nivel (CERHAN), los cuales estar\u00e1n ubicados en la zona de Volkswagen, al norte de la capital poblana y en el municipio de Tehuac\u00e1n, para impulsar la formaci\u00f3n de capital humano a trav\u00e9s de t\u00e9cnicos especialistas y el talento joven en las regiones.<br><\/p>\n\n\n\n<p>Finalmente, el mandatario Alejandro Armenta puntualiz\u00f3 que con ello se fortalecer\u00e1n las capacidades tecnol\u00f3gicas de la industria local y nacional, en una alianza con las vocaciones productivas y las universidades.<\/p>\n","protected":false},"excerpt":{"rendered":"<p>El gobernador destac\u00f3 que se construir\u00e1n dos CERHAN m\u00e1s para fortalecer la industria local y nacional . Al liderar la captaci\u00f3n de Inversi\u00f3n Extranjera Directa (IED) con el 21.67 por ciento a nivel nacional, equivalente a 413 millones de d\u00f3lares, es fundamental que Puebla contin\u00fae con la apuesta por los centros de formaci\u00f3n y la [&hellip;]<\/p>\n","protected":false},"author":1,"featured_media":98395,"comment_status":"closed","ping_status":"closed","sticky":false,"template":"","format":"standard","meta":{"footnotes":""},"categories":[34],"tags":[],"class_list":["post-98391","post","type-post","status-publish","format-standard","has-post-thumbnail","hentry","category-nacional"],"_links":{"self":[{"href":"https:\/\/elinformante.mx\/index.php?rest_route=\/wp\/v2\/posts\/98391","targetHints":{"allow":["GET"]}}],"collection":[{"href":"https:\/\/elinformante.mx\/index.php?rest_route=\/wp\/v2\/posts"}],"about":[{"href":"https:\/\/elinformante.mx\/index.php?rest_route=\/wp\/v2\/types\/post"}],"author":[{"embeddable":true,"href":"https:\/\/elinformante.mx\/index.php?rest_route=\/wp\/v2\/users\/1"}],"replies":[{"embeddable":true,"href":"https:\/\/elinformante.mx\/index.php?rest_route=%2Fwp%2Fv2%2Fcomments&post=98391"}],"version-history":[{"count":0,"href":"https:\/\/elinformante.mx\/index.php?rest_route=\/wp\/v2\/posts\/98391\/revisions"}],"wp:featuredmedia":[{"embeddable":true,"href":"https:\/\/elinformante.mx\/index.php?rest_route=\/wp\/v2\/media\/98395"}],"wp:attachment":[{"href":"https:\/\/elinformante.mx\/index.php?rest_route=%2Fwp%2Fv2%2Fmedia&parent=98391"}],"wp:term":[{"taxonomy":"category","embeddable":true,"href":"https:\/\/elinformante.mx\/index.php?rest_route=%2Fwp%2Fv2%2Fcategories&post=98391"},{"taxonomy":"post_tag","embeddable":true,"href":"https:\/\/elinformante.mx\/index.php?rest_route=%2Fwp%2Fv2%2Ftags&post=98391"}],"curies":[{"name":"wp","href":"https:\/\/api.w.org\/{rel}","templated":true}]}}