{"id":98396,"date":"2026-01-14T07:58:28","date_gmt":"2026-01-14T13:58:28","guid":{"rendered":"https:\/\/elinformante.mx\/?p=98396"},"modified":"2026-01-14T07:58:32","modified_gmt":"2026-01-14T13:58:32","slug":"visitara-ernestina-godoy-fiscalias-federales-en-los-estados","status":"publish","type":"post","link":"https:\/\/elinformante.mx\/?p=98396","title":{"rendered":"Visitar\u00e1 Ernestina Godoy fiscal\u00edas federales en los estados"},"content":{"rendered":"\n<figure class=\"wp-block-pullquote\"><blockquote><p>-Durante las visitas se revisar\u00e1n los procedimientos de detenci\u00f3n, judicializaci\u00f3n de casos y el uso de inteligencia para guiar las investigaciones.<\/p><\/blockquote><\/figure>\n\n\n\n<p class=\"has-drop-cap\">Ernestina Godoy Ramos, Fiscal General de la Rep\u00fablica, inform\u00f3 el inicio de una serie de visitas a las fiscal\u00edas federales en los estados, como parte del Plan General de la instituci\u00f3n que ser\u00e1 presentado pr\u00f3ximamente.<br><\/p>\n\n\n\n<p>Godoy Ramos explic\u00f3 que estas acciones tienen por objeto fortalecer la coordinaci\u00f3n institucional y mejorar la cercan\u00eda con las y los ciudadanos.<br><\/p>\n\n\n\n<p>Mencion\u00f3 que las visitas se enmarcan en la Estrategia Nacional de Seguridad del gabinete de la presidenta Claudia Sheinbaum Pardo, y en la que la FGR participa activamente. Seg\u00fan la funcionaria, esta estrategia permite articular de manera m\u00e1s eficaz el trabajo entre las instituciones de seguridad y justicia, bajo una l\u00f3gica de corresponsabilidad y cooperaci\u00f3n permanente.<br><\/p>\n\n\n\n<p>Las visitas comenzaron la semana pasada en Morelos y Guerrero. Godoy se\u00f1al\u00f3 que durante las visitas, se aplicaron tres objetivos fundamentales: conocer el trabajo institucional de polic\u00edas, peritos, analistas, fiscales, ministerios p\u00fablicos y auxiliares ministeriales; compartir con ellos las nuevas prioridades en detenciones, investigaciones con inteligencia, judicializaciones y obtenci\u00f3n de sentencias, todo ello con estricto respeto a los derechos humanos y en apego al debido proceso.<br><\/p>\n\n\n\n<p>El tercer objetivo es conocer de primera mano las \u00e1reas de necesidad y oportunidad para coordinar acciones entre oficinas centrales y sedes estatales y regionales, buscando aprovechar el intercambio objetivo de experiencias y propuestas.<br><\/p>\n\n\n\n<p>La fiscal destac\u00f3 que el \u00e9xito de la coordinaci\u00f3n con las entidades federativas, considerado el cuarto eje de la Estrategia Nacional de Seguridad, requiere comunicaci\u00f3n y coordinaci\u00f3n eficaces, particularmente entre polic\u00edas y ministerios p\u00fablicos.<br><\/p>\n\n\n\n<p>Este programa de visitas planea garantizar la presencia de la fiscal general en todas las regiones y rincones del pa\u00eds, adem\u00e1s de replantear la divisi\u00f3n regional al interior de cada entidad federativa para hacer los ajustes necesarios en cuanto a subsedes con el fin de atender las actuales din\u00e1micas y comportamientos delincuenciales.<br><\/p>\n\n\n\n<p>Godoy Ramos anunci\u00f3 tambi\u00e9n un programa para fortalecer y dignificar la infraestructura institucional, con base en la disponibilidad presupuestaria, mediante la modernizaci\u00f3n de ventanillas de atenci\u00f3n, recepciones, espacios de trabajo, laboratorios periciales, sanitarios, salas de mando, separos, locutorios, espacios para menores infractores, bodegas de indicios y archivos.<br><\/p>\n\n\n\n<p>Afirm\u00f3 que, en la triada de prevenci\u00f3n, persecuci\u00f3n y sanci\u00f3n de los delitos, era esencial fortalecer las funciones del ministerio p\u00fablico, privilegiando la protecci\u00f3n de las v\u00edctimas y el combate de la impunidad.<\/p>\n","protected":false},"excerpt":{"rendered":"<p>-Durante las visitas se revisar\u00e1n los procedimientos de detenci\u00f3n, judicializaci\u00f3n de casos y el uso de inteligencia para guiar las investigaciones. Ernestina Godoy Ramos, Fiscal General de la Rep\u00fablica, inform\u00f3 el inicio de una serie de visitas a las fiscal\u00edas federales en los estados, como parte del Plan General de la instituci\u00f3n que ser\u00e1 presentado [&hellip;]<\/p>\n","protected":false},"author":1,"featured_media":98400,"comment_status":"closed","ping_status":"closed","sticky":false,"template":"","format":"standard","meta":{"footnotes":""},"categories":[34],"tags":[],"class_list":["post-98396","post","type-post","status-publish","format-standard","has-post-thumbnail","hentry","category-nacional"],"_links":{"self":[{"href":"https:\/\/elinformante.mx\/index.php?rest_route=\/wp\/v2\/posts\/98396","targetHints":{"allow":["GET"]}}],"collection":[{"href":"https:\/\/elinformante.mx\/index.php?rest_route=\/wp\/v2\/posts"}],"about":[{"href":"https:\/\/elinformante.mx\/index.php?rest_route=\/wp\/v2\/types\/post"}],"author":[{"embeddable":true,"href":"https:\/\/elinformante.mx\/index.php?rest_route=\/wp\/v2\/users\/1"}],"replies":[{"embeddable":true,"href":"https:\/\/elinformante.mx\/index.php?rest_route=%2Fwp%2Fv2%2Fcomments&post=98396"}],"version-history":[{"count":0,"href":"https:\/\/elinformante.mx\/index.php?rest_route=\/wp\/v2\/posts\/98396\/revisions"}],"wp:featuredmedia":[{"embeddable":true,"href":"https:\/\/elinformante.mx\/index.php?rest_route=\/wp\/v2\/media\/98400"}],"wp:attachment":[{"href":"https:\/\/elinformante.mx\/index.php?rest_route=%2Fwp%2Fv2%2Fmedia&parent=98396"}],"wp:term":[{"taxonomy":"category","embeddable":true,"href":"https:\/\/elinformante.mx\/index.php?rest_route=%2Fwp%2Fv2%2Fcategories&post=98396"},{"taxonomy":"post_tag","embeddable":true,"href":"https:\/\/elinformante.mx\/index.php?rest_route=%2Fwp%2Fv2%2Ftags&post=98396"}],"curies":[{"name":"wp","href":"https:\/\/api.w.org\/{rel}","templated":true}]}}