{"id":98406,"date":"2026-01-14T08:17:26","date_gmt":"2026-01-14T14:17:26","guid":{"rendered":"https:\/\/elinformante.mx\/?p=98406"},"modified":"2026-01-14T08:17:29","modified_gmt":"2026-01-14T14:17:29","slug":"el-registro-de-celulares-es-por-seguridad-no-para-vigilancia-sheinbaum","status":"publish","type":"post","link":"https:\/\/elinformante.mx\/?p=98406","title":{"rendered":"EL REGISTRO DE CELULARES ES POR SEGURIDAD, NO PARA VIGILANCIA: SHEINBAUM"},"content":{"rendered":"\n<figure class=\"wp-block-pullquote\"><blockquote><p>-Afirm\u00f3 que el registro es clave contra la extorsi\u00f3n, pero que la protecci\u00f3n de datos corresponde a las empresas telef\u00f3nicas.<\/p><\/blockquote><\/figure>\n\n\n\n<p class=\"has-drop-cap\">La presidenta de M\u00e9xico, Claudia Sheinbaum, defendi\u00f3 el registro obligatorio de n\u00fameros de telefon\u00eda celular vinculado a la identidad de los usuarios, y que se encuentra vigente desde el 9 de enero.<br><\/p>\n\n\n\n<figure class=\"wp-block-image size-large\"><img fetchpriority=\"high\" decoding=\"async\" width=\"1024\" height=\"506\" src=\"https:\/\/elinformante.mx\/wp-content\/uploads\/2026\/01\/9el-registro-2-1024x506.jpg\" alt=\"\" class=\"wp-image-98408\" srcset=\"https:\/\/elinformante.mx\/wp-content\/uploads\/2026\/01\/9el-registro-2-1024x506.jpg 1024w, https:\/\/elinformante.mx\/wp-content\/uploads\/2026\/01\/9el-registro-2-300x148.jpg 300w, https:\/\/elinformante.mx\/wp-content\/uploads\/2026\/01\/9el-registro-2-768x379.jpg 768w, https:\/\/elinformante.mx\/wp-content\/uploads\/2026\/01\/9el-registro-2.jpg 1140w\" sizes=\"(max-width: 1024px) 100vw, 1024px\" \/><\/figure>\n\n\n\n<p>La mandataria se\u00f1al\u00f3 que cualquier vulneraci\u00f3n de datos personales es responsabilidad de las empresas telef\u00f3nicas, no del gobierno federal.<br><\/p>\n\n\n\n<p>Explic\u00f3 que la medida forma parte de la Estrategia Nacional de Seguridad para combatir delitos como la extorsi\u00f3n y el fraude telef\u00f3nico. Detall\u00f3 que el registro se realiza directamente con las compa\u00f1\u00edas de telefon\u00eda m\u00f3vil y que la informaci\u00f3n permanece bajo resguardo de estas empresas.<br><\/p>\n\n\n\n<figure class=\"wp-block-image size-large\"><img decoding=\"async\" width=\"1024\" height=\"506\" src=\"https:\/\/elinformante.mx\/wp-content\/uploads\/2026\/01\/9el-registro-4-1024x506.jpg\" alt=\"\" class=\"wp-image-98409\" srcset=\"https:\/\/elinformante.mx\/wp-content\/uploads\/2026\/01\/9el-registro-4-1024x506.jpg 1024w, https:\/\/elinformante.mx\/wp-content\/uploads\/2026\/01\/9el-registro-4-300x148.jpg 300w, https:\/\/elinformante.mx\/wp-content\/uploads\/2026\/01\/9el-registro-4-768x379.jpg 768w, https:\/\/elinformante.mx\/wp-content\/uploads\/2026\/01\/9el-registro-4.jpg 1140w\" sizes=\"(max-width: 1024px) 100vw, 1024px\" \/><\/figure>\n\n\n\n<p>Subray\u00f3 que el acceso a los datos solo ocurre en el marco de una investigaci\u00f3n formal y no implica vigilancia generalizada sobre la poblaci\u00f3n.<br><\/p>\n\n\n\n<p>Y es que en los primeros d\u00edas de implementaci\u00f3n, usuarios reportaron problemas t\u00e9cnicos, complicaciones log\u00edsticas y presuntas fallas de seguridad en los portales de algunas compa\u00f1\u00edas telef\u00f3nicas.<br><\/p>\n\n\n\n<figure class=\"wp-block-image size-large\"><img decoding=\"async\" width=\"1024\" height=\"506\" src=\"https:\/\/elinformante.mx\/wp-content\/uploads\/2026\/01\/9el-registro-1024x506.jpg\" alt=\"\" class=\"wp-image-98410\" srcset=\"https:\/\/elinformante.mx\/wp-content\/uploads\/2026\/01\/9el-registro-1024x506.jpg 1024w, https:\/\/elinformante.mx\/wp-content\/uploads\/2026\/01\/9el-registro-300x148.jpg 300w, https:\/\/elinformante.mx\/wp-content\/uploads\/2026\/01\/9el-registro-768x379.jpg 768w, https:\/\/elinformante.mx\/wp-content\/uploads\/2026\/01\/9el-registro.jpg 1140w\" sizes=\"(max-width: 1024px) 100vw, 1024px\" \/><\/figure>\n\n\n\n<p>\u201cLas empresas telef\u00f3nicas guardan la informaci\u00f3n. Si hay alguna falla de seguridad, corresponde a ellas\u201d, sostuvo desde Palacio Nacional, al descartar que el gobierno concentre o administre una base de datos centralizada.<br><\/p>\n\n\n\n<p>Reiter\u00f3 que el registro de tel\u00e9fonos celulares no tiene nada que ver con vigilancia ni con saber d\u00f3nde est\u00e1 la gente, y precis\u00f3 que las autoridades solo pueden solicitar informaci\u00f3n cuando un n\u00famero est\u00e9 vinculado con la comisi\u00f3n de un delito denunciado.<br><\/p>\n\n\n\n<figure class=\"wp-block-image size-large\"><img loading=\"lazy\" decoding=\"async\" width=\"1024\" height=\"506\" src=\"https:\/\/elinformante.mx\/wp-content\/uploads\/2026\/01\/9el-registro-5-1024x506.jpg\" alt=\"\" class=\"wp-image-98411\" srcset=\"https:\/\/elinformante.mx\/wp-content\/uploads\/2026\/01\/9el-registro-5-1024x506.jpg 1024w, https:\/\/elinformante.mx\/wp-content\/uploads\/2026\/01\/9el-registro-5-300x148.jpg 300w, https:\/\/elinformante.mx\/wp-content\/uploads\/2026\/01\/9el-registro-5-768x379.jpg 768w, https:\/\/elinformante.mx\/wp-content\/uploads\/2026\/01\/9el-registro-5.jpg 1140w\" sizes=\"(max-width: 1024px) 100vw, 1024px\" \/><\/figure>\n\n\n\n<p>El registro obligatorio debe realizarse entre el 9 de enero y el 30 de junio de 2026, ya sea en centros de atenci\u00f3n a clientes o en plataformas digitales de las empresas telef\u00f3nicas. Los usuarios deber\u00e1n presentar identificaci\u00f3n oficial con fotograf\u00eda y CURP.<br><\/p>\n\n\n\n<p>Las l\u00edneas que no sean registradas ser\u00e1n suspendidas a partir del 1 de julio de 2026, conforme a lo establecido por la disposici\u00f3n oficial.<\/p>\n","protected":false},"excerpt":{"rendered":"<p>-Afirm\u00f3 que el registro es clave contra la extorsi\u00f3n, pero que la protecci\u00f3n de datos corresponde a las empresas telef\u00f3nicas. La presidenta de M\u00e9xico, Claudia Sheinbaum, defendi\u00f3 el registro obligatorio de n\u00fameros de telefon\u00eda celular vinculado a la identidad de los usuarios, y que se encuentra vigente desde el 9 de enero. La mandataria se\u00f1al\u00f3 [&hellip;]<\/p>\n","protected":false},"author":1,"featured_media":98407,"comment_status":"closed","ping_status":"closed","sticky":false,"template":"","format":"standard","meta":{"footnotes":""},"categories":[30,34,31],"tags":[47],"class_list":["post-98406","post","type-post","status-publish","format-standard","has-post-thumbnail","hentry","category-destacado","category-nacional","category-portada","tag-portadanacional"],"_links":{"self":[{"href":"https:\/\/elinformante.mx\/index.php?rest_route=\/wp\/v2\/posts\/98406","targetHints":{"allow":["GET"]}}],"collection":[{"href":"https:\/\/elinformante.mx\/index.php?rest_route=\/wp\/v2\/posts"}],"about":[{"href":"https:\/\/elinformante.mx\/index.php?rest_route=\/wp\/v2\/types\/post"}],"author":[{"embeddable":true,"href":"https:\/\/elinformante.mx\/index.php?rest_route=\/wp\/v2\/users\/1"}],"replies":[{"embeddable":true,"href":"https:\/\/elinformante.mx\/index.php?rest_route=%2Fwp%2Fv2%2Fcomments&post=98406"}],"version-history":[{"count":0,"href":"https:\/\/elinformante.mx\/index.php?rest_route=\/wp\/v2\/posts\/98406\/revisions"}],"wp:featuredmedia":[{"embeddable":true,"href":"https:\/\/elinformante.mx\/index.php?rest_route=\/wp\/v2\/media\/98407"}],"wp:attachment":[{"href":"https:\/\/elinformante.mx\/index.php?rest_route=%2Fwp%2Fv2%2Fmedia&parent=98406"}],"wp:term":[{"taxonomy":"category","embeddable":true,"href":"https:\/\/elinformante.mx\/index.php?rest_route=%2Fwp%2Fv2%2Fcategories&post=98406"},{"taxonomy":"post_tag","embeddable":true,"href":"https:\/\/elinformante.mx\/index.php?rest_route=%2Fwp%2Fv2%2Ftags&post=98406"}],"curies":[{"name":"wp","href":"https:\/\/api.w.org\/{rel}","templated":true}]}}