{"id":98415,"date":"2026-01-15T06:38:54","date_gmt":"2026-01-15T12:38:54","guid":{"rendered":"https:\/\/elinformante.mx\/?p=98415"},"modified":"2026-01-15T06:38:57","modified_gmt":"2026-01-15T12:38:57","slug":"confirma-andrea-legarreta-relacion-con-luis-carlos-origel","status":"publish","type":"post","link":"https:\/\/elinformante.mx\/?p=98415","title":{"rendered":"Confirma Andrea Legarreta relaci\u00f3n con Luis Carlos Origel"},"content":{"rendered":"\n<figure class=\"wp-block-pullquote\"><blockquote><p>La pareja fue vista junta por primera vez en 2024 durante un concierto de Alejandro Fern\u00e1ndez en la Plaza de Toros \u201cLa M\u00e9xico\u201d.<\/p><\/blockquote><\/figure>\n\n\n\n<p class=\"has-drop-cap\">Despu\u00e9s de tres a\u00f1os de su separaci\u00f3n, Andrea Legarreta ha decidido gritar a los cuatro vientos que el amor ha vuelto a tocar su puerta.<br><\/p>\n\n\n\n<p>Y en que en una entrevista, Legarreta puso fin a las especulaciones y confirm\u00f3 su relaci\u00f3n sentimental con Luis Carlos Origel, asegurando sentirse en uno de los mejores momentos de su vida.<br><\/p>\n\n\n\n<p>Durante la entrevista mencion\u00f3 que se encuentra feliz, adem\u00e1s de ilusionada; estas palabras llegan tras d\u00edas de constantes bromas y comentarios p\u00edcaros por parte de sus compa\u00f1eros de emisi\u00f3n, Galilea Montijo y Tania Rinc\u00f3n, quienes ya daban pistas sobre este nuevo romance.<br><\/p>\n\n\n\n<figure class=\"wp-block-image size-large\"><img fetchpriority=\"high\" decoding=\"async\" width=\"1024\" height=\"506\" src=\"https:\/\/elinformante.mx\/wp-content\/uploads\/2026\/01\/15CONFIRMA-1024x506.jpg\" alt=\"\" class=\"wp-image-98421\" srcset=\"https:\/\/elinformante.mx\/wp-content\/uploads\/2026\/01\/15CONFIRMA-1024x506.jpg 1024w, https:\/\/elinformante.mx\/wp-content\/uploads\/2026\/01\/15CONFIRMA-300x148.jpg 300w, https:\/\/elinformante.mx\/wp-content\/uploads\/2026\/01\/15CONFIRMA-768x379.jpg 768w, https:\/\/elinformante.mx\/wp-content\/uploads\/2026\/01\/15CONFIRMA.jpg 1140w\" sizes=\"(max-width: 1024px) 100vw, 1024px\" \/><\/figure>\n\n\n\n<p>La pareja fue vista junta por primera vez en 2024 durante un concierto de Alejandro Fern\u00e1ndez en la Plaza de Toros \u201cLa M\u00e9xico\u201d, en aquel entonces, ambos insist\u00edan en que solo los un\u00eda una gran amistad.<br><\/p>\n\n\n\n<p>Pero parece que, con el paso del tiempo, la chispa se encendi\u00f3 de manera inevitable. Legarreta admiti\u00f3 que, tras a\u00f1os de ser grandes amigos, pronto algo se movi\u00f3 ah\u00ed, permiti\u00e9ndoles descubrir una conexi\u00f3n m\u00e1s profunda. Con m\u00faltiples halagos, la conductora describi\u00f3 a su ahora novio como un hombre educado, caballero, con mucha nobleza y proveniente de una linda familia.<br><\/p>\n\n\n\n<p>Bajo la premisa de que \u201clo que se ve no se juzga\u201d, Andrea dej\u00f3 claro que la felicidad que proyecta es aut\u00e9ntica y evidente. Para Legarreta, este nuevo cap\u00edtulo representa la oportunidad de experimentar un amor dulce y lindo, donde se siente vista con ojos de admiraci\u00f3n.<br><\/p>\n\n\n\n<p>Con esta confirmaci\u00f3n, Andrea inicia el 2026 demostrando que siempre es posible darse una segunda oportunidad en el amor, rodeada de la luz y la ilusi\u00f3n que tanto buscaba.<\/p>\n","protected":false},"excerpt":{"rendered":"<p>La pareja fue vista junta por primera vez en 2024 durante un concierto de Alejandro Fern\u00e1ndez en la Plaza de Toros \u201cLa M\u00e9xico\u201d. Despu\u00e9s de tres a\u00f1os de su separaci\u00f3n, Andrea Legarreta ha decidido gritar a los cuatro vientos que el amor ha vuelto a tocar su puerta. Y en que en una entrevista, Legarreta [&hellip;]<\/p>\n","protected":false},"author":1,"featured_media":98420,"comment_status":"closed","ping_status":"closed","sticky":false,"template":"","format":"standard","meta":{"footnotes":""},"categories":[30,39],"tags":[],"class_list":["post-98415","post","type-post","status-publish","format-standard","has-post-thumbnail","hentry","category-destacado","category-espectaculos"],"_links":{"self":[{"href":"https:\/\/elinformante.mx\/index.php?rest_route=\/wp\/v2\/posts\/98415","targetHints":{"allow":["GET"]}}],"collection":[{"href":"https:\/\/elinformante.mx\/index.php?rest_route=\/wp\/v2\/posts"}],"about":[{"href":"https:\/\/elinformante.mx\/index.php?rest_route=\/wp\/v2\/types\/post"}],"author":[{"embeddable":true,"href":"https:\/\/elinformante.mx\/index.php?rest_route=\/wp\/v2\/users\/1"}],"replies":[{"embeddable":true,"href":"https:\/\/elinformante.mx\/index.php?rest_route=%2Fwp%2Fv2%2Fcomments&post=98415"}],"version-history":[{"count":0,"href":"https:\/\/elinformante.mx\/index.php?rest_route=\/wp\/v2\/posts\/98415\/revisions"}],"wp:featuredmedia":[{"embeddable":true,"href":"https:\/\/elinformante.mx\/index.php?rest_route=\/wp\/v2\/media\/98420"}],"wp:attachment":[{"href":"https:\/\/elinformante.mx\/index.php?rest_route=%2Fwp%2Fv2%2Fmedia&parent=98415"}],"wp:term":[{"taxonomy":"category","embeddable":true,"href":"https:\/\/elinformante.mx\/index.php?rest_route=%2Fwp%2Fv2%2Fcategories&post=98415"},{"taxonomy":"post_tag","embeddable":true,"href":"https:\/\/elinformante.mx\/index.php?rest_route=%2Fwp%2Fv2%2Ftags&post=98415"}],"curies":[{"name":"wp","href":"https:\/\/api.w.org\/{rel}","templated":true}]}}