{"id":98416,"date":"2026-01-15T06:37:29","date_gmt":"2026-01-15T12:37:29","guid":{"rendered":"https:\/\/elinformante.mx\/?p=98416"},"modified":"2026-01-15T06:37:31","modified_gmt":"2026-01-15T12:37:31","slug":"wendy-guevara-es-diagnosticada-con-hipertension","status":"publish","type":"post","link":"https:\/\/elinformante.mx\/?p=98416","title":{"rendered":"Wendy Guevara es diagnosticada con hipertensi\u00f3n"},"content":{"rendered":"\n<figure class=\"wp-block-pullquote\"><blockquote><p>-La informaci\u00f3n le fue revelada despu\u00e9s de someterse a su cirug\u00eda est\u00e9tica.<\/p><\/blockquote><\/figure>\n\n\n\n<p class=\"has-drop-cap\">Wendy Guevara, generadora de contenido de 32 a\u00f1os de edad, coment\u00f3 a sus seguidores que tras someterse a una cirug\u00eda est\u00e9tica para una remodelaci\u00f3n de costal \u2014que sirve para reducir el contorno de la cintura\u2014, revel\u00f3 que despu\u00e9s de realizarse el procedimiento de belleza los m\u00e9dicos le informaron que padece una enfermedad silenciosa.<br><\/p>\n\n\n\n<p>La influencer trans mexicana dio a conocer que el diagn\u00f3stico m\u00e9dico apunt\u00f3 a que padece una enfermedad cr\u00f3nica por la que tendr\u00e1 que ser medicada de por vida; padece hipertensi\u00f3n.<br><\/p>\n\n\n\n<p>Este diagn\u00f3stico la tom\u00f3 por sorpresa; se\u00f1al\u00f3 que se encuentra enfocada en cuidar de su bienestar y por eso sigue las instrucciones de sus m\u00e9dicos.<br><\/p>\n\n\n\n<p>\u201cDespu\u00e9s de la cirug\u00eda que me hice, result\u00e9 ser hipertensa; entonces, diario tengo que tomar una pastillita para la presi\u00f3n\u201d, comparti\u00f3 la tambi\u00e9n presentadora televisiva.<br><\/p>\n\n\n\n<p>Destac\u00f3 que recibi\u00f3 orientaci\u00f3n m\u00e9dica para que se cuide; adem\u00e1s, la influencer trans dej\u00f3 entrever que se encuentra bien pese al diagn\u00f3stico m\u00e9dico. \u201cEl doctor que me atiende me dijo \u2018no te preocupes, la mayor\u00eda de la gente lo es (hipertensa) y mucha no lo sabe, por eso le da infartos fulminantes, pero no pasa con esta pastilla\u2019\u201d.<br><\/p>\n\n\n\n<p>A\u00f1adi\u00f3 que los m\u00e9dicos le dijeron que puede vivir su vida \u201ctranquila, a gusto\u201d, es decir, de forma \u201cnormal\u201d, pero tiene que seguir el tratamiento de salud para cuidarse.<\/p>\n","protected":false},"excerpt":{"rendered":"<p>-La informaci\u00f3n le fue revelada despu\u00e9s de someterse a su cirug\u00eda est\u00e9tica. Wendy Guevara, generadora de contenido de 32 a\u00f1os de edad, coment\u00f3 a sus seguidores que tras someterse a una cirug\u00eda est\u00e9tica para una remodelaci\u00f3n de costal \u2014que sirve para reducir el contorno de la cintura\u2014, revel\u00f3 que despu\u00e9s de realizarse el procedimiento de [&hellip;]<\/p>\n","protected":false},"author":1,"featured_media":98418,"comment_status":"closed","ping_status":"closed","sticky":false,"template":"","format":"standard","meta":{"footnotes":""},"categories":[39],"tags":[],"class_list":["post-98416","post","type-post","status-publish","format-standard","has-post-thumbnail","hentry","category-espectaculos"],"_links":{"self":[{"href":"https:\/\/elinformante.mx\/index.php?rest_route=\/wp\/v2\/posts\/98416","targetHints":{"allow":["GET"]}}],"collection":[{"href":"https:\/\/elinformante.mx\/index.php?rest_route=\/wp\/v2\/posts"}],"about":[{"href":"https:\/\/elinformante.mx\/index.php?rest_route=\/wp\/v2\/types\/post"}],"author":[{"embeddable":true,"href":"https:\/\/elinformante.mx\/index.php?rest_route=\/wp\/v2\/users\/1"}],"replies":[{"embeddable":true,"href":"https:\/\/elinformante.mx\/index.php?rest_route=%2Fwp%2Fv2%2Fcomments&post=98416"}],"version-history":[{"count":0,"href":"https:\/\/elinformante.mx\/index.php?rest_route=\/wp\/v2\/posts\/98416\/revisions"}],"wp:featuredmedia":[{"embeddable":true,"href":"https:\/\/elinformante.mx\/index.php?rest_route=\/wp\/v2\/media\/98418"}],"wp:attachment":[{"href":"https:\/\/elinformante.mx\/index.php?rest_route=%2Fwp%2Fv2%2Fmedia&parent=98416"}],"wp:term":[{"taxonomy":"category","embeddable":true,"href":"https:\/\/elinformante.mx\/index.php?rest_route=%2Fwp%2Fv2%2Fcategories&post=98416"},{"taxonomy":"post_tag","embeddable":true,"href":"https:\/\/elinformante.mx\/index.php?rest_route=%2Fwp%2Fv2%2Ftags&post=98416"}],"curies":[{"name":"wp","href":"https:\/\/api.w.org\/{rel}","templated":true}]}}