{"id":98443,"date":"2026-01-15T06:59:46","date_gmt":"2026-01-15T12:59:46","guid":{"rendered":"https:\/\/elinformante.mx\/?p=98443"},"modified":"2026-01-15T06:59:48","modified_gmt":"2026-01-15T12:59:48","slug":"pjedomex-renueva-parque-vehicular-y-eficienta-envio-de-correspondencia","status":"publish","type":"post","link":"https:\/\/elinformante.mx\/?p=98443","title":{"rendered":"PJEdom\u00e9x renueva parque vehicular y eficienta env\u00edo de correspondencia"},"content":{"rendered":"\n<figure class=\"wp-block-pullquote\"><blockquote><p>-El PJEdom\u00e9x renov\u00f3 su parque vehicular con nuevas unidades para mejorar el env\u00edo de correspondencia judicial y optimizar el uso de recursos p\u00fablicos.<\/p><\/blockquote><\/figure>\n\n\n\n<p class=\"has-drop-cap\">Como parte de las acciones orientadas a fortalecer la operaci\u00f3n cotidiana del Poder Judicial del Estado de M\u00e9xico y dignificar las condiciones laborales de su personal, los Magistrados Presidentes, H\u00e9ctor Macedo Garc\u00eda del Tribunal Superior de Justicia y Fernando D\u00edaz Ju\u00e1rez del \u00d3rgano de Administraci\u00f3n Judicial, entregaron 12 camionetas destinadas al env\u00edo de correspondencia.<br><\/p>\n\n\n\n<p>La renovaci\u00f3n del parque vehicular permitir\u00e1 mejorar la seguridad, eficiencia operativa y continuidad en el env\u00edo de expedientes, causas judiciales, exhortos, notificaciones, entre otros documentos, hacia \u00f3rganos jurisdiccionales y unidades administrativas ubicadas en las cuatro regiones del estado; tarea que realizan todos los d\u00edas servidoras y servidores judiciales de la Subdirecci\u00f3n de Correspondencia, a trav\u00e9s de 12 rutas de trabajo.<br><\/p>\n\n\n\n<p>Tras realizar la entrega simb\u00f3lica de llaves a las y los responsables de estas labores, el Magistrado Presidente del Tribunal resalt\u00f3 que la sustituci\u00f3n de las unidades responde a un ejercicio de planeaci\u00f3n responsable del recurso p\u00fablico, orientado a atender una actividad esencial que, pese a su relevancia, durante a\u00f1os permaneci\u00f3 sin actualizaci\u00f3n. Subray\u00f3 la importancia del uso adecuado del presupuesto para mejorar el servicio judicial y reconoci\u00f3 el trabajo de las y los integrantes del \u00d3rgano de Administraci\u00f3n Judicial.<br><\/p>\n\n\n\n<p>\u201cEste es un acto simb\u00f3lico importante; el \u00d3rgano de Administraci\u00f3n Judicial ha hecho labores importantes y ajustes presupuestales\u201d, indic\u00f3 Macedo Garc\u00eda y destac\u00f3 la funci\u00f3n sustantiva del \u00f3rgano.<br><\/p>\n\n\n\n<p>Acompa\u00f1ado por integrantes del OAJ: las magistradas Mar\u00eda Alejandra Almaz\u00e1n Barrera y Mar\u00eda del Refugio Elizabeth Rodr\u00edguez Col\u00edn, los magistrados Pablo Espinosa M\u00e1rquez y Hern\u00e1n Mej\u00eda L\u00f3pez; Fernando D\u00edaz Ju\u00e1rez dimension\u00f3 el alcance del trabajo que realiza el \u00e1rea de correspondencia y que justifica la inversi\u00f3n realizada para la adquisici\u00f3n de las nuevas unidades, pues trasladan al a\u00f1o alrededor de 180 mil documentos.<br><\/p>\n\n\n\n<p>\u201cEl parque vehicular que hoy se sustituye en promedio cuenta con 12 y 14 a\u00f1os de servicio y, han recorrido 53 mil kil\u00f3metros al a\u00f1o, es decir, si hacemos una sumatoria estas unidades han dado la vuelta al mundo 159 veces\u201d, subray\u00f3. D\u00edaz Ju\u00e1rez se\u00f1al\u00f3 que la entrega de estos veh\u00edculos utilitarios dignifica una funci\u00f3n fundamental, garantiza traslados seguros para documentos oficiales y personal operativo, y materializa la instrucci\u00f3n de fortalecer la adecuada inversi\u00f3n y utilizaci\u00f3n de los recursos p\u00fablicos para el funcionamiento institucional.<\/p>\n","protected":false},"excerpt":{"rendered":"<p>-El PJEdom\u00e9x renov\u00f3 su parque vehicular con nuevas unidades para mejorar el env\u00edo de correspondencia judicial y optimizar el uso de recursos p\u00fablicos. Como parte de las acciones orientadas a fortalecer la operaci\u00f3n cotidiana del Poder Judicial del Estado de M\u00e9xico y dignificar las condiciones laborales de su personal, los Magistrados Presidentes, H\u00e9ctor Macedo Garc\u00eda [&hellip;]<\/p>\n","protected":false},"author":1,"featured_media":98447,"comment_status":"closed","ping_status":"closed","sticky":false,"template":"","format":"standard","meta":{"footnotes":""},"categories":[36],"tags":[],"class_list":["post-98443","post","type-post","status-publish","format-standard","has-post-thumbnail","hentry","category-edomex"],"_links":{"self":[{"href":"https:\/\/elinformante.mx\/index.php?rest_route=\/wp\/v2\/posts\/98443","targetHints":{"allow":["GET"]}}],"collection":[{"href":"https:\/\/elinformante.mx\/index.php?rest_route=\/wp\/v2\/posts"}],"about":[{"href":"https:\/\/elinformante.mx\/index.php?rest_route=\/wp\/v2\/types\/post"}],"author":[{"embeddable":true,"href":"https:\/\/elinformante.mx\/index.php?rest_route=\/wp\/v2\/users\/1"}],"replies":[{"embeddable":true,"href":"https:\/\/elinformante.mx\/index.php?rest_route=%2Fwp%2Fv2%2Fcomments&post=98443"}],"version-history":[{"count":0,"href":"https:\/\/elinformante.mx\/index.php?rest_route=\/wp\/v2\/posts\/98443\/revisions"}],"wp:featuredmedia":[{"embeddable":true,"href":"https:\/\/elinformante.mx\/index.php?rest_route=\/wp\/v2\/media\/98447"}],"wp:attachment":[{"href":"https:\/\/elinformante.mx\/index.php?rest_route=%2Fwp%2Fv2%2Fmedia&parent=98443"}],"wp:term":[{"taxonomy":"category","embeddable":true,"href":"https:\/\/elinformante.mx\/index.php?rest_route=%2Fwp%2Fv2%2Fcategories&post=98443"},{"taxonomy":"post_tag","embeddable":true,"href":"https:\/\/elinformante.mx\/index.php?rest_route=%2Fwp%2Fv2%2Ftags&post=98443"}],"curies":[{"name":"wp","href":"https:\/\/api.w.org\/{rel}","templated":true}]}}