{"id":98448,"date":"2026-01-15T07:06:09","date_gmt":"2026-01-15T13:06:09","guid":{"rendered":"https:\/\/elinformante.mx\/?p=98448"},"modified":"2026-01-15T07:06:13","modified_gmt":"2026-01-15T13:06:13","slug":"edomex-se-suma-a-los-maratones-de-lectura-celebrando-los-100-anos-de-la-educacion-secundaria","status":"publish","type":"post","link":"https:\/\/elinformante.mx\/?p=98448","title":{"rendered":"Edom\u00e9x se suma a los Maratones de Lectura, celebrando los 100 a\u00f1os de la educaci\u00f3n secundaria"},"content":{"rendered":"\n<figure class=\"wp-block-pullquote\"><blockquote><p>-Participaron m\u00e1s de 2 mil 500 escuelas secundarias del Subsistema Educativo Estatal en la jornada de lectura.<\/p><\/blockquote><\/figure>\n\n\n\n<p class=\"has-drop-cap\">El Gobierno del Estado de M\u00e9xico, encabezado por la maestra Delfina G\u00f3mez \u00c1lvarez, se sum\u00f3 a los \u201cMaratones de Lectura\u201d por la celebraci\u00f3n de los 100 a\u00f1os de la educaci\u00f3n secundaria en el pa\u00eds, con la participaci\u00f3n de cerca de medio mill\u00f3n de estudiantes, como parte de una jornada orientada a fortalecer el derecho a la educaci\u00f3n y el h\u00e1bito lector en las escuelas.<br><\/p>\n\n\n\n<p>El Secretario de Educaci\u00f3n, Ciencia, Tecnolog\u00eda e Innovaci\u00f3n, Miguel \u00c1ngel Hern\u00e1ndez Espejel, se\u00f1al\u00f3 que se refuerza la coordinaci\u00f3n entre el Gobierno de M\u00e9xico, encabezado por la Presidenta Claudia Sheinbaum Pardo, y el Gobierno del Estado de M\u00e9xico a cargo de la Maestra Delfina G\u00f3mez \u00c1lvarez, mujeres que han puesto a la educaci\u00f3n en el centro de la pol\u00edtica p\u00fablica para garantizar que cada vez m\u00e1s adolescentes contin\u00faen y concluyan sus estudios de secundaria.<br><\/p>\n\n\n\n<p>Al encabezar la jornada en Xonacatl\u00e1n, donde visit\u00f3 la Escuela Secundaria \u201cGustavo A. Vicencio\u201d comparti\u00f3 con alumnas y alumnos un fragmento de \u201cEl libro salvaje\u201d, de Juan Villoro, sum\u00e1ndose a esta iniciativa impulsada a nivel nacional por la Secretar\u00eda de Educaci\u00f3n P\u00fablica (SEP).<br><\/p>\n\n\n\n<p>Los \u201cMaratones de Lectura\u201d se desarrollaron de manera simult\u00e1nea en 2 mil 588 escuelas secundarias del Subsistema Educativo Estatal, en sus modalidades de secundarias generales, t\u00e9cnicas y telesecundarias, con la participaci\u00f3n de 498,622 alumnas y alumnos, as\u00ed como docentes, directivos, madres y padres de familia.<br><\/p>\n\n\n\n<p>En el marco de la conmemoraci\u00f3n por los 100 a\u00f1os de la educaci\u00f3n secundaria en M\u00e9xico, el titular de la SECTI refrend\u00f3 el compromiso de la entidad por continuar con el fortalecimiento de este nivel educativo, donde el ciclo escolar pasado la cobertura se increment\u00f3 de 94.7 a 95.4 por ciento, mientras que el porcentaje de estudiantes que concluyen este nivel pas\u00f3 de 93.2 a 94.1 por ciento.<\/p>\n","protected":false},"excerpt":{"rendered":"<p>-Participaron m\u00e1s de 2 mil 500 escuelas secundarias del Subsistema Educativo Estatal en la jornada de lectura. El Gobierno del Estado de M\u00e9xico, encabezado por la maestra Delfina G\u00f3mez \u00c1lvarez, se sum\u00f3 a los \u201cMaratones de Lectura\u201d por la celebraci\u00f3n de los 100 a\u00f1os de la educaci\u00f3n secundaria en el pa\u00eds, con la participaci\u00f3n de [&hellip;]<\/p>\n","protected":false},"author":1,"featured_media":98451,"comment_status":"closed","ping_status":"closed","sticky":false,"template":"","format":"standard","meta":{"footnotes":""},"categories":[36],"tags":[],"class_list":["post-98448","post","type-post","status-publish","format-standard","has-post-thumbnail","hentry","category-edomex"],"_links":{"self":[{"href":"https:\/\/elinformante.mx\/index.php?rest_route=\/wp\/v2\/posts\/98448","targetHints":{"allow":["GET"]}}],"collection":[{"href":"https:\/\/elinformante.mx\/index.php?rest_route=\/wp\/v2\/posts"}],"about":[{"href":"https:\/\/elinformante.mx\/index.php?rest_route=\/wp\/v2\/types\/post"}],"author":[{"embeddable":true,"href":"https:\/\/elinformante.mx\/index.php?rest_route=\/wp\/v2\/users\/1"}],"replies":[{"embeddable":true,"href":"https:\/\/elinformante.mx\/index.php?rest_route=%2Fwp%2Fv2%2Fcomments&post=98448"}],"version-history":[{"count":0,"href":"https:\/\/elinformante.mx\/index.php?rest_route=\/wp\/v2\/posts\/98448\/revisions"}],"wp:featuredmedia":[{"embeddable":true,"href":"https:\/\/elinformante.mx\/index.php?rest_route=\/wp\/v2\/media\/98451"}],"wp:attachment":[{"href":"https:\/\/elinformante.mx\/index.php?rest_route=%2Fwp%2Fv2%2Fmedia&parent=98448"}],"wp:term":[{"taxonomy":"category","embeddable":true,"href":"https:\/\/elinformante.mx\/index.php?rest_route=%2Fwp%2Fv2%2Fcategories&post=98448"},{"taxonomy":"post_tag","embeddable":true,"href":"https:\/\/elinformante.mx\/index.php?rest_route=%2Fwp%2Fv2%2Ftags&post=98448"}],"curies":[{"name":"wp","href":"https:\/\/api.w.org\/{rel}","templated":true}]}}