{"id":98454,"date":"2026-01-15T07:13:47","date_gmt":"2026-01-15T13:13:47","guid":{"rendered":"https:\/\/elinformante.mx\/?p=98454"},"modified":"2026-01-15T07:13:52","modified_gmt":"2026-01-15T13:13:52","slug":"delfina-gomez-y-congreso-mexiquense-definen-agenda-2026","status":"publish","type":"post","link":"https:\/\/elinformante.mx\/?p=98454","title":{"rendered":"Delfina G\u00f3mez y Congreso Mexiquense definen agenda 2026"},"content":{"rendered":"\n<figure class=\"wp-block-pullquote\"><blockquote><p>-Hizo un llamado a Presidentes Municipales, Diputados Locales y Federales del Edom\u00e9x para revisar la coordinaci\u00f3n institucional.<\/p><\/blockquote><\/figure>\n\n\n\n<p class=\"has-drop-cap\">Al encabezar el Encuentro con Diputadas, Diputados y Diputade Locales del Estado de M\u00e9xico 2026, la Gobernadora Delfina G\u00f3mez \u00c1lvarez llam\u00f3 a la LXII Legislatura mexiquense a mantener una coordinaci\u00f3n institucional que permita consolidar proyectos estrat\u00e9gicos y garantizar beneficios directos para las familias mexiquenses durante 2026.<br><\/p>\n\n\n\n<p>\u201cReitero nuestra disposici\u00f3n al di\u00e1logo y al trabajo en equipo para que los acuerdos se traduzcan en resultados para la gente. Desde el Gobierno del Estado de M\u00e9xico seguiremos sumando esfuerzos para que los programas y acciones lleguen a todos los rincones de la entidad\u201d, expres\u00f3 la mandataria estatal.<br><\/p>\n\n\n\n<p>Durante el encuentro, la Gobernadora reconoci\u00f3 el trabajo plural y responsable del Congreso local y subray\u00f3 que el servicio p\u00fablico exige colocar al pueblo en el centro de las decisiones, privilegiar el trabajo en territorio y responder con sensibilidad social a las necesidades de una entidad diversa y con amplios contrastes.<br><\/p>\n\n\n\n<figure class=\"wp-block-image size-large\"><img fetchpriority=\"high\" decoding=\"async\" width=\"1024\" height=\"506\" src=\"https:\/\/elinformante.mx\/wp-content\/uploads\/2026\/01\/8delfina-3-3-1024x506.jpg\" alt=\"\" class=\"wp-image-98458\" srcset=\"https:\/\/elinformante.mx\/wp-content\/uploads\/2026\/01\/8delfina-3-3-1024x506.jpg 1024w, https:\/\/elinformante.mx\/wp-content\/uploads\/2026\/01\/8delfina-3-3-300x148.jpg 300w, https:\/\/elinformante.mx\/wp-content\/uploads\/2026\/01\/8delfina-3-3-768x379.jpg 768w, https:\/\/elinformante.mx\/wp-content\/uploads\/2026\/01\/8delfina-3-3.jpg 1140w\" sizes=\"(max-width: 1024px) 100vw, 1024px\" \/><\/figure>\n\n\n\n<p>Asimismo, destac\u00f3 que gracias a la coordinaci\u00f3n entre los poderes Ejecutivo y Legislativo se aprob\u00f3 en tiempo y forma el Paquete Fiscal 2026, lo que permitir\u00e1 al Gobierno del Estado ejecutar los programas, obras y acciones previstos en el Plan de Desarrollo del Estado de M\u00e9xico 2023\u20132029, bajo una pol\u00edtica de gasto responsable, sin contrataci\u00f3n de deuda y con un enfoque centrado en el bienestar social.<br><\/p>\n\n\n\n<p>Precis\u00f3 que el Presupuesto de Egresos 2026 destina 54 por ciento del gasto total a la pol\u00edtica social, con un incremento del 13 por ciento en programas sociales, lo que ampl\u00eda los apoyos a mujeres, personas adultas mayores, pueblos originarios, personas con discapacidad y otros sectores prioritarios, adem\u00e1s de fortalecer proyectos estrat\u00e9gicos y acciones en materia de seguridad.<br><\/p>\n\n\n\n<p>Por su parte, Horacio Duarte Olivares, Secretario General de Gobierno, reconoci\u00f3 el clima de di\u00e1logo institucional y pluralidad pol\u00edtica que distingue al Estado de M\u00e9xico, e inform\u00f3 que durante el primer a\u00f1o legislativo se aprobaron 93 de 102 iniciativas presentadas por la Gobernadora, y 42 de 47 en el periodo en curso, reflejo de una relaci\u00f3n productiva entre poderes.<br><\/p>\n\n\n\n<p>En tanto, Francisco V\u00e1zquez Rodr\u00edguez, presidente de la Junta de Coordinaci\u00f3n Pol\u00edtica de la LXII Legislatura, expres\u00f3 la disposici\u00f3n de las distintas fuerzas pol\u00edticas para continuar trabajando de manera conjunta; al encuentro asistieron la totalidad de las y los integrantes del Congreso local.<\/p>\n\n\n\n<figure class=\"wp-block-image size-large\"><img decoding=\"async\" width=\"1024\" height=\"506\" src=\"https:\/\/elinformante.mx\/wp-content\/uploads\/2026\/01\/8delfina-7-1024x506.jpg\" alt=\"\" class=\"wp-image-98459\" srcset=\"https:\/\/elinformante.mx\/wp-content\/uploads\/2026\/01\/8delfina-7-1024x506.jpg 1024w, https:\/\/elinformante.mx\/wp-content\/uploads\/2026\/01\/8delfina-7-300x148.jpg 300w, https:\/\/elinformante.mx\/wp-content\/uploads\/2026\/01\/8delfina-7-768x379.jpg 768w, https:\/\/elinformante.mx\/wp-content\/uploads\/2026\/01\/8delfina-7.jpg 1140w\" sizes=\"(max-width: 1024px) 100vw, 1024px\" \/><\/figure>\n","protected":false},"excerpt":{"rendered":"<p>-Hizo un llamado a Presidentes Municipales, Diputados Locales y Federales del Edom\u00e9x para revisar la coordinaci\u00f3n institucional. Al encabezar el Encuentro con Diputadas, Diputados y Diputade Locales del Estado de M\u00e9xico 2026, la Gobernadora Delfina G\u00f3mez \u00c1lvarez llam\u00f3 a la LXII Legislatura mexiquense a mantener una coordinaci\u00f3n institucional que permita consolidar proyectos estrat\u00e9gicos y garantizar [&hellip;]<\/p>\n","protected":false},"author":1,"featured_media":98457,"comment_status":"closed","ping_status":"closed","sticky":false,"template":"","format":"standard","meta":{"footnotes":""},"categories":[30,36,31],"tags":[46],"class_list":["post-98454","post","type-post","status-publish","format-standard","has-post-thumbnail","hentry","category-destacado","category-edomex","category-portada","tag-portadaedomex"],"_links":{"self":[{"href":"https:\/\/elinformante.mx\/index.php?rest_route=\/wp\/v2\/posts\/98454","targetHints":{"allow":["GET"]}}],"collection":[{"href":"https:\/\/elinformante.mx\/index.php?rest_route=\/wp\/v2\/posts"}],"about":[{"href":"https:\/\/elinformante.mx\/index.php?rest_route=\/wp\/v2\/types\/post"}],"author":[{"embeddable":true,"href":"https:\/\/elinformante.mx\/index.php?rest_route=\/wp\/v2\/users\/1"}],"replies":[{"embeddable":true,"href":"https:\/\/elinformante.mx\/index.php?rest_route=%2Fwp%2Fv2%2Fcomments&post=98454"}],"version-history":[{"count":0,"href":"https:\/\/elinformante.mx\/index.php?rest_route=\/wp\/v2\/posts\/98454\/revisions"}],"wp:featuredmedia":[{"embeddable":true,"href":"https:\/\/elinformante.mx\/index.php?rest_route=\/wp\/v2\/media\/98457"}],"wp:attachment":[{"href":"https:\/\/elinformante.mx\/index.php?rest_route=%2Fwp%2Fv2%2Fmedia&parent=98454"}],"wp:term":[{"taxonomy":"category","embeddable":true,"href":"https:\/\/elinformante.mx\/index.php?rest_route=%2Fwp%2Fv2%2Fcategories&post=98454"},{"taxonomy":"post_tag","embeddable":true,"href":"https:\/\/elinformante.mx\/index.php?rest_route=%2Fwp%2Fv2%2Ftags&post=98454"}],"curies":[{"name":"wp","href":"https:\/\/api.w.org\/{rel}","templated":true}]}}