{"id":98467,"date":"2026-01-15T07:27:44","date_gmt":"2026-01-15T13:27:44","guid":{"rendered":"https:\/\/elinformante.mx\/?p=98467"},"modified":"2026-01-15T07:27:48","modified_gmt":"2026-01-15T13:27:48","slug":"rehabilitan-en-zacatecas-el-parque-y-zoologico-la-encantada","status":"publish","type":"post","link":"https:\/\/elinformante.mx\/?p=98467","title":{"rendered":"Rehabilitan en Zacatecas el Parque y Zool\u00f3gico La Encantada"},"content":{"rendered":"\n<figure class=\"wp-block-pullquote\"><blockquote><p>-Se trabaja en un corredor de exhibici\u00f3n, \u00e1reas de habitaci\u00f3n, preparaci\u00f3n de alimentos, valoraci\u00f3n veterinaria y exclusas de seguridad<\/p><\/blockquote><\/figure>\n\n\n\n<p class=\"has-drop-cap\">La administraci\u00f3n de Zacatecas, encabezada por el gobernador David Monreal \u00c1vila, convencida de que el desarrollo de Zacatecas se mide tambi\u00e9n en la capacidad de apreciar la vida y la naturaleza, da pasos firmes en la rehabilitaci\u00f3n del Parque y Zool\u00f3gico La Encantada, con lo que contribuye al rescate y preservaci\u00f3n de este importante espacio que representa, adem\u00e1s de un punto emblem\u00e1tico de encuentro para las familias, un pulm\u00f3n para la zona metropolitana.<br><\/p>\n\n\n\n<p>En un trabajo conjunto, a trav\u00e9s del Sistema Estatal para el Desarrollo Integral de la Familia (SEDIF) y la Secretar\u00eda de Obras P\u00fablicas (SOP), se constat\u00f3 el avance en la rehabilitaci\u00f3n del Zool\u00f3gico, proyecto significativo para el Gobierno de Zacatecas.<br><\/p>\n\n\n\n<p>El equipo encabezado por la Presidenta Honor\u00edfica del SEDIF, Sara Hern\u00e1ndez de Monreal, y la Secretaria de Obras P\u00fablicas, Mildret Karla Montes Inchaurregui, verific\u00f3 los avances de la obra y reafirm\u00f3 el compromiso de esta administraci\u00f3n con el mejoramiento de los espacios p\u00fablicos.<br><\/p>\n\n\n\n<p>La primera etapa del proyecto incluye, adem\u00e1s de un nuevo y ampliado h\u00e1bitat para grandes felinos, un corredor de exhibici\u00f3n, \u00e1reas de habitaci\u00f3n, preparaci\u00f3n de alimentos, valoraci\u00f3n veterinaria y exclusas de seguridad, as\u00ed como acceso vehicular y de servicio.<br><\/p>\n\n\n\n<p>Durante la supervisi\u00f3n, se destac\u00f3 que este proyecto no s\u00f3lo responde a una necesidad de renovaci\u00f3n del entorno zool\u00f3gico, sino que tambi\u00e9n refleja la visi\u00f3n del Gobierno de Zacatecas, encabezado por el mandatario estatal David Monreal \u00c1vila, respecto a que el progreso debe estar acompa\u00f1ado de acciones que contribuyen a la preservaci\u00f3n, conocimiento y disfrute de la vida animal.<\/p>\n","protected":false},"excerpt":{"rendered":"<p>-Se trabaja en un corredor de exhibici\u00f3n, \u00e1reas de habitaci\u00f3n, preparaci\u00f3n de alimentos, valoraci\u00f3n veterinaria y exclusas de seguridad La administraci\u00f3n de Zacatecas, encabezada por el gobernador David Monreal \u00c1vila, convencida de que el desarrollo de Zacatecas se mide tambi\u00e9n en la capacidad de apreciar la vida y la naturaleza, da pasos firmes en la [&hellip;]<\/p>\n","protected":false},"author":1,"featured_media":98471,"comment_status":"closed","ping_status":"closed","sticky":false,"template":"","format":"standard","meta":{"footnotes":""},"categories":[34],"tags":[],"class_list":["post-98467","post","type-post","status-publish","format-standard","has-post-thumbnail","hentry","category-nacional"],"_links":{"self":[{"href":"https:\/\/elinformante.mx\/index.php?rest_route=\/wp\/v2\/posts\/98467","targetHints":{"allow":["GET"]}}],"collection":[{"href":"https:\/\/elinformante.mx\/index.php?rest_route=\/wp\/v2\/posts"}],"about":[{"href":"https:\/\/elinformante.mx\/index.php?rest_route=\/wp\/v2\/types\/post"}],"author":[{"embeddable":true,"href":"https:\/\/elinformante.mx\/index.php?rest_route=\/wp\/v2\/users\/1"}],"replies":[{"embeddable":true,"href":"https:\/\/elinformante.mx\/index.php?rest_route=%2Fwp%2Fv2%2Fcomments&post=98467"}],"version-history":[{"count":0,"href":"https:\/\/elinformante.mx\/index.php?rest_route=\/wp\/v2\/posts\/98467\/revisions"}],"wp:featuredmedia":[{"embeddable":true,"href":"https:\/\/elinformante.mx\/index.php?rest_route=\/wp\/v2\/media\/98471"}],"wp:attachment":[{"href":"https:\/\/elinformante.mx\/index.php?rest_route=%2Fwp%2Fv2%2Fmedia&parent=98467"}],"wp:term":[{"taxonomy":"category","embeddable":true,"href":"https:\/\/elinformante.mx\/index.php?rest_route=%2Fwp%2Fv2%2Fcategories&post=98467"},{"taxonomy":"post_tag","embeddable":true,"href":"https:\/\/elinformante.mx\/index.php?rest_route=%2Fwp%2Fv2%2Ftags&post=98467"}],"curies":[{"name":"wp","href":"https:\/\/api.w.org\/{rel}","templated":true}]}}