{"id":98472,"date":"2026-01-15T07:44:02","date_gmt":"2026-01-15T13:44:02","guid":{"rendered":"https:\/\/elinformante.mx\/?p=98472"},"modified":"2026-01-15T07:44:04","modified_gmt":"2026-01-15T13:44:04","slug":"beneficia-el-programa-de-vivienda-a-casi-8-millones-de-familias-sheinbaum","status":"publish","type":"post","link":"https:\/\/elinformante.mx\/?p=98472","title":{"rendered":"Beneficia el programa de vivienda a casi 8 millones de familias: Sheinbaum"},"content":{"rendered":"\n<figure class=\"wp-block-pullquote\"><blockquote><p>Se beneficiar\u00e1 a familias que no pueden acceder a la propiedad de una vivienda.<\/p><\/blockquote><\/figure>\n\n\n\n<p class=\"has-drop-cap\">La Presidenta de M\u00e9xico, Claudia Sheinbaum Pardo, destac\u00f3 que con el programa de Vivienda para el Bienestar se beneficiar\u00e1n cerca de 8 millones de familias derechohabientes y no derechohabientes, con la construcci\u00f3n de 1.8 millones de viviendas, la regularizaci\u00f3n de predios, entrega de apoyos de mejoramiento, adem\u00e1s de que ya se reestructuraron 4.8 millones de cr\u00e9ditos impagables.<br><\/p>\n\n\n\n<p>Este programa, detall\u00f3, tiene como esencia la m\u00e1xima de que el acceso a la vivienda es un derecho del pueblo de M\u00e9xico; por ello, en 2025 se formaliz\u00f3 la construcci\u00f3n de 400 mil viviendas, algunas de ellas ya entregadas, mientras que en 2026 ser\u00e1n otras 400 mil para familias que ganan entre uno y dos salarios m\u00ednimos, que de otra manera no tendr\u00edan acceso a una vivienda.<br><\/p>\n\n\n\n<p>La secretaria de Desarrollo Agrario, Territorial y Urbano, Edna Elena Vega Rangel, inform\u00f3 que en 2025 se super\u00f3 la meta al formalizar la construcci\u00f3n de 393 mil 686 viviendas en todo el pa\u00eds, con ello, se otorgar\u00e1 un hogar a m\u00e1s de 1.4 millones de personas.<br><\/p>\n\n\n\n<figure class=\"wp-block-image size-large\"><img fetchpriority=\"high\" decoding=\"async\" width=\"1024\" height=\"506\" src=\"https:\/\/elinformante.mx\/wp-content\/uploads\/2026\/01\/3beneficia-1024x506.jpg\" alt=\"\" class=\"wp-image-98476\" srcset=\"https:\/\/elinformante.mx\/wp-content\/uploads\/2026\/01\/3beneficia-1024x506.jpg 1024w, https:\/\/elinformante.mx\/wp-content\/uploads\/2026\/01\/3beneficia-300x148.jpg 300w, https:\/\/elinformante.mx\/wp-content\/uploads\/2026\/01\/3beneficia-768x379.jpg 768w, https:\/\/elinformante.mx\/wp-content\/uploads\/2026\/01\/3beneficia.jpg 1140w\" sizes=\"(max-width: 1024px) 100vw, 1024px\" \/><\/figure>\n\n\n\n<p>Se otorgaron 420 mil apoyos de mejoramiento de viviendas en beneficio de 1.5 millones de personas; asimismo, se entregaron m\u00e1s de 270 mil documentos y cancelaciones de hipotecas a m\u00e1s de 970 mil personas en todo el pa\u00eds.<br><\/p>\n\n\n\n<p>Puntualiz\u00f3 que las metas para 2026 son formalizar la construcci\u00f3n de 400 mil viviendas; con ello se llegar\u00e1 al 50 por ciento de la meta sexenal.<br><\/p>\n\n\n\n<p>Para lograrlo, ya se tiene una reserva territorial para construir m\u00e1s de 900 mil viviendas; adem\u00e1s se le dar\u00e1 certeza jur\u00eddica a m\u00e1s de 200 mil familias con la regularizaci\u00f3n de sus predios. Actualmente, el Instituto Nacional del Suelo Sustentable (Insus) tiene en proceso m\u00e1s de 600 mil predios para su regularizaci\u00f3n.<\/p>\n","protected":false},"excerpt":{"rendered":"<p>Se beneficiar\u00e1 a familias que no pueden acceder a la propiedad de una vivienda. La Presidenta de M\u00e9xico, Claudia Sheinbaum Pardo, destac\u00f3 que con el programa de Vivienda para el Bienestar se beneficiar\u00e1n cerca de 8 millones de familias derechohabientes y no derechohabientes, con la construcci\u00f3n de 1.8 millones de viviendas, la regularizaci\u00f3n de predios, [&hellip;]<\/p>\n","protected":false},"author":1,"featured_media":98475,"comment_status":"closed","ping_status":"closed","sticky":false,"template":"","format":"standard","meta":{"footnotes":""},"categories":[34],"tags":[],"class_list":["post-98472","post","type-post","status-publish","format-standard","has-post-thumbnail","hentry","category-nacional"],"_links":{"self":[{"href":"https:\/\/elinformante.mx\/index.php?rest_route=\/wp\/v2\/posts\/98472","targetHints":{"allow":["GET"]}}],"collection":[{"href":"https:\/\/elinformante.mx\/index.php?rest_route=\/wp\/v2\/posts"}],"about":[{"href":"https:\/\/elinformante.mx\/index.php?rest_route=\/wp\/v2\/types\/post"}],"author":[{"embeddable":true,"href":"https:\/\/elinformante.mx\/index.php?rest_route=\/wp\/v2\/users\/1"}],"replies":[{"embeddable":true,"href":"https:\/\/elinformante.mx\/index.php?rest_route=%2Fwp%2Fv2%2Fcomments&post=98472"}],"version-history":[{"count":0,"href":"https:\/\/elinformante.mx\/index.php?rest_route=\/wp\/v2\/posts\/98472\/revisions"}],"wp:featuredmedia":[{"embeddable":true,"href":"https:\/\/elinformante.mx\/index.php?rest_route=\/wp\/v2\/media\/98475"}],"wp:attachment":[{"href":"https:\/\/elinformante.mx\/index.php?rest_route=%2Fwp%2Fv2%2Fmedia&parent=98472"}],"wp:term":[{"taxonomy":"category","embeddable":true,"href":"https:\/\/elinformante.mx\/index.php?rest_route=%2Fwp%2Fv2%2Fcategories&post=98472"},{"taxonomy":"post_tag","embeddable":true,"href":"https:\/\/elinformante.mx\/index.php?rest_route=%2Fwp%2Fv2%2Ftags&post=98472"}],"curies":[{"name":"wp","href":"https:\/\/api.w.org\/{rel}","templated":true}]}}