{"id":98479,"date":"2026-01-15T07:51:39","date_gmt":"2026-01-15T13:51:39","guid":{"rendered":"https:\/\/elinformante.mx\/?p=98479"},"modified":"2026-01-15T07:51:46","modified_gmt":"2026-01-15T13:51:46","slug":"anuncia-general-motors-inversion-de-1000-mdd-en-mexico","status":"publish","type":"post","link":"https:\/\/elinformante.mx\/?p=98479","title":{"rendered":"Anuncia General Motors inversi\u00f3n de 1,000 mdd en M\u00e9xico"},"content":{"rendered":"\n<figure class=\"wp-block-pullquote\"><blockquote><p>La inversi\u00f3n forma parte de una estrategia alineada con los esfuerzos del gobierno federal para fortalecer el mercado interno.<\/p><\/blockquote><\/figure>\n\n\n\n<p class=\"has-drop-cap\">La empresa General Motors de M\u00e9xico anunci\u00f3 una inversi\u00f3n de 1,000 millones de d\u00f3lares en M\u00e9xico que se ejercer\u00e1 durante los pr\u00f3ximos dos a\u00f1os, y se encuentra destinada a fortalecer sus operaciones locales de manufactura y a desarrollar proyectos enfocados en la demanda del mercado interno.<br><\/p>\n\n\n\n<p>Este anuncio se dio en el contexto del cierre de resultados de 2025, donde la automotriz report\u00f3 198,153 unidades vendidas, manteni\u00e9ndose en el segundo lugar de la industria automotriz nacional y alcanzando una participaci\u00f3n de mercado de 12.2%.<br><\/p>\n\n\n\n<p>Se\u00f1alaron que \u00fanicamente en diciembre, registraron sus ventas un crecimiento anual de 11.2%, impulsado por un aumento del 10% en Chevrolet y del 27.7% en el canal Premium, que integra las marcas Buick, GMC y Cadillac.<br><\/p>\n\n\n\n<p>Paco Garza, presidente y director general de GM de M\u00e9xico, se\u00f1al\u00f3 que la empresa cerr\u00f3 2025 con s\u00f3lidos resultados, reafirmando el compromiso de ofrecer a sus clientes innovaci\u00f3n, calidad y valor en cada veh\u00edculo.<br><\/p>\n\n\n\n<p>A\u00f1adi\u00f3 que la inversi\u00f3n forma parte de una estrategia alineada con los esfuerzos del gobierno federal para fortalecer el mercado interno.<br><\/p>\n\n\n\n<p>La compa\u00f1\u00eda inform\u00f3 que m\u00e1s detalles sobre proyectos espec\u00edficos de inversi\u00f3n se dar\u00e1n a conocer posteriormente.<\/p>\n","protected":false},"excerpt":{"rendered":"<p>La inversi\u00f3n forma parte de una estrategia alineada con los esfuerzos del gobierno federal para fortalecer el mercado interno. La empresa General Motors de M\u00e9xico anunci\u00f3 una inversi\u00f3n de 1,000 millones de d\u00f3lares en M\u00e9xico que se ejercer\u00e1 durante los pr\u00f3ximos dos a\u00f1os, y se encuentra destinada a fortalecer sus operaciones locales de manufactura y [&hellip;]<\/p>\n","protected":false},"author":1,"featured_media":98481,"comment_status":"closed","ping_status":"closed","sticky":false,"template":"","format":"standard","meta":{"footnotes":""},"categories":[30,34,31],"tags":[],"class_list":["post-98479","post","type-post","status-publish","format-standard","has-post-thumbnail","hentry","category-destacado","category-nacional","category-portada"],"_links":{"self":[{"href":"https:\/\/elinformante.mx\/index.php?rest_route=\/wp\/v2\/posts\/98479","targetHints":{"allow":["GET"]}}],"collection":[{"href":"https:\/\/elinformante.mx\/index.php?rest_route=\/wp\/v2\/posts"}],"about":[{"href":"https:\/\/elinformante.mx\/index.php?rest_route=\/wp\/v2\/types\/post"}],"author":[{"embeddable":true,"href":"https:\/\/elinformante.mx\/index.php?rest_route=\/wp\/v2\/users\/1"}],"replies":[{"embeddable":true,"href":"https:\/\/elinformante.mx\/index.php?rest_route=%2Fwp%2Fv2%2Fcomments&post=98479"}],"version-history":[{"count":0,"href":"https:\/\/elinformante.mx\/index.php?rest_route=\/wp\/v2\/posts\/98479\/revisions"}],"wp:featuredmedia":[{"embeddable":true,"href":"https:\/\/elinformante.mx\/index.php?rest_route=\/wp\/v2\/media\/98481"}],"wp:attachment":[{"href":"https:\/\/elinformante.mx\/index.php?rest_route=%2Fwp%2Fv2%2Fmedia&parent=98479"}],"wp:term":[{"taxonomy":"category","embeddable":true,"href":"https:\/\/elinformante.mx\/index.php?rest_route=%2Fwp%2Fv2%2Fcategories&post=98479"},{"taxonomy":"post_tag","embeddable":true,"href":"https:\/\/elinformante.mx\/index.php?rest_route=%2Fwp%2Fv2%2Ftags&post=98479"}],"curies":[{"name":"wp","href":"https:\/\/api.w.org\/{rel}","templated":true}]}}