{"id":98581,"date":"2026-01-19T05:55:15","date_gmt":"2026-01-19T11:55:15","guid":{"rendered":"https:\/\/elinformante.mx\/?p=98581"},"modified":"2026-01-19T05:55:22","modified_gmt":"2026-01-19T11:55:22","slug":"se-reabre-en-san-mateo-atenco-la-circulacion-de-la-avenida-2-de-abril","status":"publish","type":"post","link":"https:\/\/elinformante.mx\/?p=98581","title":{"rendered":"Se reabre en San Mateo Atenco la circulaci\u00f3n de la Avenida 2 de Abril"},"content":{"rendered":"\n<figure class=\"wp-block-pullquote\"><blockquote><p>-Con esta reapertura se mejorar\u00e1 la movilidad, la seguridad vial y la conectividad.<\/p><\/blockquote><\/figure>\n\n\n\n<p class=\"has-drop-cap\">El Gobierno Municipal de San Mateo Atenco, encabezado por la presidenta Ana Mu\u00f1iz Neyra, dio a conocer que se reabri\u00f3 la circulaci\u00f3n vehicular en la Avenida 2 de Abril, en el tramo de Circuito Exterior a calle Cipr\u00e9s.<br><\/p>\n\n\n\n<p>La reapertura se dio tras concluir la primera etapa de su construcci\u00f3n con concreto hidr\u00e1ulico, como parte de una visi\u00f3n de movilidad integral y sustentable para el municipio.<br><\/p>\n\n\n\n<p>Es importante se\u00f1alar que la Avenida 2 de Abril es una de las principales v\u00edas de acceso y salida de San Mateo Atenco por la zona sur, por lo que su reapertura beneficia directamente a vecinas y vecinos, as\u00ed como a quienes transitan diariamente por este corredor estrat\u00e9gico, al mejorar la fluidez vehicular, la seguridad vial y los tiempos de traslado.<br><\/p>\n\n\n\n<figure class=\"wp-block-image size-large\"><img fetchpriority=\"high\" decoding=\"async\" width=\"1024\" height=\"506\" src=\"https:\/\/elinformante.mx\/wp-content\/uploads\/2026\/01\/13MATEO-2-2-1024x506.jpg\" alt=\"\" class=\"wp-image-98586\" srcset=\"https:\/\/elinformante.mx\/wp-content\/uploads\/2026\/01\/13MATEO-2-2-1024x506.jpg 1024w, https:\/\/elinformante.mx\/wp-content\/uploads\/2026\/01\/13MATEO-2-2-300x148.jpg 300w, https:\/\/elinformante.mx\/wp-content\/uploads\/2026\/01\/13MATEO-2-2-768x379.jpg 768w, https:\/\/elinformante.mx\/wp-content\/uploads\/2026\/01\/13MATEO-2-2.jpg 1140w\" sizes=\"(max-width: 1024px) 100vw, 1024px\" \/><\/figure>\n\n\n\n<p>La vialidad fue ampliada e incorpora una ciclov\u00eda segura, que ahora se encuentra claramente delimitada y debidamente se\u00f1alizada, que se conecta con la ciclov\u00eda del Circuito Exterior Mexiquense, fortaleciendo la red de movilidad no motorizada y promoviendo traslados m\u00e1s seguros, ordenados y amigables con el medio ambiente.<br><\/p>\n\n\n\n<p>El Gobierno de San Mateo Atenco agradece la confianza, comprensi\u00f3n y paciencia de la ciudadan\u00eda, reiterando que esta obra representa un compromiso cumplido y una acci\u00f3n concreta para mejorar la calidad de vida de las familias atenquenses.<br><\/p>\n\n\n\n<p>En las redes sociales de la presidenta Mu\u00f1iz Neyra agradeci\u00f3 la confianza, comprensi\u00f3n y paciencia de la ciudadan\u00eda, reiterando que esta obra representa un compromiso cumplido y una acci\u00f3n concreta para mejorar la calidad de vida de las familias atenquenses.<br><\/p>\n\n\n\n<p>Informaron que en los pr\u00f3ximos meses iniciar\u00e1 la segunda etapa de la obra de la Avenida 2 de Abril, con el objetivo de consolidar una vialidad integral que articule de manera segura la movilidad de peatones, ciclistas y automovilistas.<\/p>\n","protected":false},"excerpt":{"rendered":"<p>-Con esta reapertura se mejorar\u00e1 la movilidad, la seguridad vial y la conectividad. El Gobierno Municipal de San Mateo Atenco, encabezado por la presidenta Ana Mu\u00f1iz Neyra, dio a conocer que se reabri\u00f3 la circulaci\u00f3n vehicular en la Avenida 2 de Abril, en el tramo de Circuito Exterior a calle Cipr\u00e9s. La reapertura se dio [&hellip;]<\/p>\n","protected":false},"author":1,"featured_media":98585,"comment_status":"closed","ping_status":"closed","sticky":false,"template":"","format":"standard","meta":{"footnotes":""},"categories":[30,36],"tags":[],"class_list":["post-98581","post","type-post","status-publish","format-standard","has-post-thumbnail","hentry","category-destacado","category-edomex"],"_links":{"self":[{"href":"https:\/\/elinformante.mx\/index.php?rest_route=\/wp\/v2\/posts\/98581","targetHints":{"allow":["GET"]}}],"collection":[{"href":"https:\/\/elinformante.mx\/index.php?rest_route=\/wp\/v2\/posts"}],"about":[{"href":"https:\/\/elinformante.mx\/index.php?rest_route=\/wp\/v2\/types\/post"}],"author":[{"embeddable":true,"href":"https:\/\/elinformante.mx\/index.php?rest_route=\/wp\/v2\/users\/1"}],"replies":[{"embeddable":true,"href":"https:\/\/elinformante.mx\/index.php?rest_route=%2Fwp%2Fv2%2Fcomments&post=98581"}],"version-history":[{"count":0,"href":"https:\/\/elinformante.mx\/index.php?rest_route=\/wp\/v2\/posts\/98581\/revisions"}],"wp:featuredmedia":[{"embeddable":true,"href":"https:\/\/elinformante.mx\/index.php?rest_route=\/wp\/v2\/media\/98585"}],"wp:attachment":[{"href":"https:\/\/elinformante.mx\/index.php?rest_route=%2Fwp%2Fv2%2Fmedia&parent=98581"}],"wp:term":[{"taxonomy":"category","embeddable":true,"href":"https:\/\/elinformante.mx\/index.php?rest_route=%2Fwp%2Fv2%2Fcategories&post=98581"},{"taxonomy":"post_tag","embeddable":true,"href":"https:\/\/elinformante.mx\/index.php?rest_route=%2Fwp%2Fv2%2Ftags&post=98581"}],"curies":[{"name":"wp","href":"https:\/\/api.w.org\/{rel}","templated":true}]}}