{"id":98590,"date":"2026-01-19T06:03:29","date_gmt":"2026-01-19T12:03:29","guid":{"rendered":"https:\/\/elinformante.mx\/?p=98590"},"modified":"2026-01-19T06:03:32","modified_gmt":"2026-01-19T12:03:32","slug":"entrega-fernando-flores-becas-a-estudiantes-adultos-mayores-y-mujeres","status":"publish","type":"post","link":"https:\/\/elinformante.mx\/?p=98590","title":{"rendered":"Entrega Fernando Flores becas a estudiantes, adultos mayores y mujeres"},"content":{"rendered":"\n<figure class=\"wp-block-pullquote\"><blockquote><p>Metepec refrenda su compromiso de seguir apoyando a la poblaci\u00f3n, especialmente a la m\u00e1s vulnerable.<\/p><\/blockquote><\/figure>\n\n\n\n<p class=\"has-drop-cap\">El presidente municipal de Metepec, Fernando Flores Fern\u00e1ndez, encabez\u00f3 la entrega de becas a ni\u00f1as y ni\u00f1os que estudian en los Centros de Atenci\u00f3n M\u00faltiple (CAM) en el municipio.<br><\/p>\n\n\n\n<p>Tambi\u00e9n recibieron becas personas adultas mayores y mujeres que son parte del programa Carril Rosa; este programa ayuda a que ellas se recuperen de linfedema, una patolog\u00eda que se produce como consecuencia del tratamiento del c\u00e1ncer de mama.<br><\/p>\n\n\n\n<p>Flores Fern\u00e1ndez se\u00f1al\u00f3 durante el evento, que fue realizado en la Plaza Ju\u00e1rez, que la entrega de estos est\u00edmulos est\u00e1 enfocada en esta ocasi\u00f3n para los infantes que llevan educaci\u00f3n especializada en las CAM, ya sea porque presentan alguna discapacidad o alg\u00fan trastorno del desarrollo.<br><\/p>\n\n\n\n<p>Record\u00f3 que en los CAM se les proporciona apoyo escolar, terap\u00e9utico y formaci\u00f3n, con servicios para promover su inclusi\u00f3n social y autonom\u00eda.<br><\/p>\n\n\n\n<p>Quienes tambi\u00e9n recibieron becas, fueron los adultos mayores que comenzaron a estudiar o se encuentran inscritos en el Instituto Nacional para la Educaci\u00f3n de los Adultos (INEA), con el fin de aprender a leer o escribir, o terminar de cursar la primaria o secundaria.<br><\/p>\n\n\n\n<p>Tambi\u00e9n se entregaron apoyos a las mujeres que son parte del Carril Rosa, con el cual se brinda terapia f\u00edsica y acu\u00e1tica por medio del Sistema Municipal DIF Metepec, a trav\u00e9s de la Direcci\u00f3n de Salud.<br><\/p>\n\n\n\n<p>De esta manera, Metepec refrenda su compromiso de seguir apoyando a la poblaci\u00f3n, especialmente a la m\u00e1s vulnerable, para que contin\u00faen esforz\u00e1ndose y tengan una mejor calidad de vida, adem\u00e1s de que se impulsa el bienestar de la poblaci\u00f3n.<\/p>\n","protected":false},"excerpt":{"rendered":"<p>Metepec refrenda su compromiso de seguir apoyando a la poblaci\u00f3n, especialmente a la m\u00e1s vulnerable. El presidente municipal de Metepec, Fernando Flores Fern\u00e1ndez, encabez\u00f3 la entrega de becas a ni\u00f1as y ni\u00f1os que estudian en los Centros de Atenci\u00f3n M\u00faltiple (CAM) en el municipio. Tambi\u00e9n recibieron becas personas adultas mayores y mujeres que son parte [&hellip;]<\/p>\n","protected":false},"author":1,"featured_media":98591,"comment_status":"closed","ping_status":"closed","sticky":false,"template":"","format":"standard","meta":{"footnotes":""},"categories":[36],"tags":[],"class_list":["post-98590","post","type-post","status-publish","format-standard","has-post-thumbnail","hentry","category-edomex"],"_links":{"self":[{"href":"https:\/\/elinformante.mx\/index.php?rest_route=\/wp\/v2\/posts\/98590","targetHints":{"allow":["GET"]}}],"collection":[{"href":"https:\/\/elinformante.mx\/index.php?rest_route=\/wp\/v2\/posts"}],"about":[{"href":"https:\/\/elinformante.mx\/index.php?rest_route=\/wp\/v2\/types\/post"}],"author":[{"embeddable":true,"href":"https:\/\/elinformante.mx\/index.php?rest_route=\/wp\/v2\/users\/1"}],"replies":[{"embeddable":true,"href":"https:\/\/elinformante.mx\/index.php?rest_route=%2Fwp%2Fv2%2Fcomments&post=98590"}],"version-history":[{"count":0,"href":"https:\/\/elinformante.mx\/index.php?rest_route=\/wp\/v2\/posts\/98590\/revisions"}],"wp:featuredmedia":[{"embeddable":true,"href":"https:\/\/elinformante.mx\/index.php?rest_route=\/wp\/v2\/media\/98591"}],"wp:attachment":[{"href":"https:\/\/elinformante.mx\/index.php?rest_route=%2Fwp%2Fv2%2Fmedia&parent=98590"}],"wp:term":[{"taxonomy":"category","embeddable":true,"href":"https:\/\/elinformante.mx\/index.php?rest_route=%2Fwp%2Fv2%2Fcategories&post=98590"},{"taxonomy":"post_tag","embeddable":true,"href":"https:\/\/elinformante.mx\/index.php?rest_route=%2Fwp%2Fv2%2Ftags&post=98590"}],"curies":[{"name":"wp","href":"https:\/\/api.w.org\/{rel}","templated":true}]}}