{"id":98604,"date":"2026-01-19T06:25:46","date_gmt":"2026-01-19T12:25:46","guid":{"rendered":"https:\/\/elinformante.mx\/?p=98604"},"modified":"2026-01-19T06:25:50","modified_gmt":"2026-01-19T12:25:50","slug":"bienestar-y-educacion-gobiernos-de-sheinbaum-y-de-delfina-fortalecen-apoyos-en-edomex","status":"publish","type":"post","link":"https:\/\/elinformante.mx\/?p=98604","title":{"rendered":"Bienestar y educaci\u00f3n: Gobiernos de Sheinbaum y de Delfina fortalecen apoyos en Edom\u00e9x"},"content":{"rendered":"\n<figure class=\"wp-block-pullquote\"><blockquote><p>-M\u00e1s de dos millones de mexiquenses reciben apoyos directos para mejorar su calidad de vida.<\/p><\/blockquote><\/figure>\n\n\n\n<p class=\"has-drop-cap\">En el Estado de M\u00e9xico, la presidenta de M\u00e9xico, Claudia Sheinbaum Pardo, y la gobernadora Delfina G\u00f3mez \u00c1lvarez, encabezaron dos importantes acciones que refuerzan el bienestar y la educaci\u00f3n de la poblaci\u00f3n.<br><\/p>\n\n\n\n<figure class=\"wp-block-image size-large\"><img fetchpriority=\"high\" decoding=\"async\" width=\"1024\" height=\"506\" src=\"https:\/\/elinformante.mx\/wp-content\/uploads\/2026\/01\/8bienestar-2-1024x506.jpg\" alt=\"\" class=\"wp-image-98609\" srcset=\"https:\/\/elinformante.mx\/wp-content\/uploads\/2026\/01\/8bienestar-2-1024x506.jpg 1024w, https:\/\/elinformante.mx\/wp-content\/uploads\/2026\/01\/8bienestar-2-300x148.jpg 300w, https:\/\/elinformante.mx\/wp-content\/uploads\/2026\/01\/8bienestar-2-768x379.jpg 768w, https:\/\/elinformante.mx\/wp-content\/uploads\/2026\/01\/8bienestar-2.jpg 1140w\" sizes=\"(max-width: 1024px) 100vw, 1024px\" \/><\/figure>\n\n\n\n<p>En Tlalnepantla, ambas mandatarias entregaron apoyos de los programas Pensi\u00f3n para el Bienestar de las Personas Adultas Mayores y Pensi\u00f3n Mujeres Bienestar, que benefician a m\u00e1s de dos millones de mexiquenses. Estos programas reconocen el trabajo de toda una vida y fortalecen la independencia econ\u00f3mica de mujeres de 60 a 64 a\u00f1os, bajo principios de transparencia y justicia social.<br><\/p>\n\n\n\n<p>Destac\u00f3 que la pensi\u00f3n dirigida a personas de 65 a\u00f1os y m\u00e1s representa un reconocimiento al trabajo de toda una vida y un respaldo concreto para que este sector cuente con autonom\u00eda, tranquilidad y mejores condiciones para su d\u00eda a d\u00eda.<br><\/p>\n\n\n\n<figure class=\"wp-block-image size-large\"><img decoding=\"async\" width=\"1024\" height=\"506\" src=\"https:\/\/elinformante.mx\/wp-content\/uploads\/2026\/01\/8bienestar-4-1024x506.jpg\" alt=\"\" class=\"wp-image-98610\" srcset=\"https:\/\/elinformante.mx\/wp-content\/uploads\/2026\/01\/8bienestar-4-1024x506.jpg 1024w, https:\/\/elinformante.mx\/wp-content\/uploads\/2026\/01\/8bienestar-4-300x148.jpg 300w, https:\/\/elinformante.mx\/wp-content\/uploads\/2026\/01\/8bienestar-4-768x379.jpg 768w, https:\/\/elinformante.mx\/wp-content\/uploads\/2026\/01\/8bienestar-4.jpg 1140w\" sizes=\"(max-width: 1024px) 100vw, 1024px\" \/><\/figure>\n\n\n\n<p>La presidenta Claudia Sheinbaum se\u00f1al\u00f3 que los programas sociales representan un mecanismo directo para que los recursos p\u00fablicos regresen a la ciudadan\u00eda, bajo principios de transparencia, combate a la corrupci\u00f3n y una visi\u00f3n humanista del desarrollo, asegurando que nadie quede excluido.<br><\/p>\n\n\n\n<p>Posteriormente, en Ecatepec, supervisaron la construcci\u00f3n del CBTIS No. 295, que registra un avance del 91% y cuenta con una inversi\u00f3n federal cercana a 50 millones de pesos para su construcci\u00f3n y 17.3 millones de pesos para su equipamiento, lo que permitir\u00e1 ofrecer aulas, laboratorios, talleres especializados y espacios deportivos.<br><\/p>\n\n\n\n<figure class=\"wp-block-image size-large\"><img decoding=\"async\" width=\"1024\" height=\"506\" src=\"https:\/\/elinformante.mx\/wp-content\/uploads\/2026\/01\/8bienestar-3-1024x506.jpg\" alt=\"\" class=\"wp-image-98611\" srcset=\"https:\/\/elinformante.mx\/wp-content\/uploads\/2026\/01\/8bienestar-3-1024x506.jpg 1024w, https:\/\/elinformante.mx\/wp-content\/uploads\/2026\/01\/8bienestar-3-300x148.jpg 300w, https:\/\/elinformante.mx\/wp-content\/uploads\/2026\/01\/8bienestar-3-768x379.jpg 768w, https:\/\/elinformante.mx\/wp-content\/uploads\/2026\/01\/8bienestar-3.jpg 1140w\" sizes=\"(max-width: 1024px) 100vw, 1024px\" \/><\/figure>\n\n\n\n<p>Durante el recorrido tambi\u00e9n entregaron tarjetas de la Beca Universal \u201cRita Cetina\u201d, destinada a garantizar el derecho a la educaci\u00f3n de estudiantes de secundaria en escuelas p\u00fablicas.<br><\/p>\n\n\n\n<p>Con estas acciones, los gobiernos federal y estatal reiteran su compromiso de trabajar de manera conjunta para mejorar la calidad de vida de las familias mexiquenses, fortaleciendo tanto el bienestar social como el acceso a la educaci\u00f3n.<\/p>\n","protected":false},"excerpt":{"rendered":"<p>-M\u00e1s de dos millones de mexiquenses reciben apoyos directos para mejorar su calidad de vida. En el Estado de M\u00e9xico, la presidenta de M\u00e9xico, Claudia Sheinbaum Pardo, y la gobernadora Delfina G\u00f3mez \u00c1lvarez, encabezaron dos importantes acciones que refuerzan el bienestar y la educaci\u00f3n de la poblaci\u00f3n. En Tlalnepantla, ambas mandatarias entregaron apoyos de los [&hellip;]<\/p>\n","protected":false},"author":1,"featured_media":98608,"comment_status":"closed","ping_status":"closed","sticky":false,"template":"","format":"standard","meta":{"footnotes":""},"categories":[30,36,31],"tags":[46],"class_list":["post-98604","post","type-post","status-publish","format-standard","has-post-thumbnail","hentry","category-destacado","category-edomex","category-portada","tag-portadaedomex"],"_links":{"self":[{"href":"https:\/\/elinformante.mx\/index.php?rest_route=\/wp\/v2\/posts\/98604","targetHints":{"allow":["GET"]}}],"collection":[{"href":"https:\/\/elinformante.mx\/index.php?rest_route=\/wp\/v2\/posts"}],"about":[{"href":"https:\/\/elinformante.mx\/index.php?rest_route=\/wp\/v2\/types\/post"}],"author":[{"embeddable":true,"href":"https:\/\/elinformante.mx\/index.php?rest_route=\/wp\/v2\/users\/1"}],"replies":[{"embeddable":true,"href":"https:\/\/elinformante.mx\/index.php?rest_route=%2Fwp%2Fv2%2Fcomments&post=98604"}],"version-history":[{"count":0,"href":"https:\/\/elinformante.mx\/index.php?rest_route=\/wp\/v2\/posts\/98604\/revisions"}],"wp:featuredmedia":[{"embeddable":true,"href":"https:\/\/elinformante.mx\/index.php?rest_route=\/wp\/v2\/media\/98608"}],"wp:attachment":[{"href":"https:\/\/elinformante.mx\/index.php?rest_route=%2Fwp%2Fv2%2Fmedia&parent=98604"}],"wp:term":[{"taxonomy":"category","embeddable":true,"href":"https:\/\/elinformante.mx\/index.php?rest_route=%2Fwp%2Fv2%2Fcategories&post=98604"},{"taxonomy":"post_tag","embeddable":true,"href":"https:\/\/elinformante.mx\/index.php?rest_route=%2Fwp%2Fv2%2Ftags&post=98604"}],"curies":[{"name":"wp","href":"https:\/\/api.w.org\/{rel}","templated":true}]}}