{"id":98632,"date":"2026-01-19T07:03:09","date_gmt":"2026-01-19T13:03:09","guid":{"rendered":"https:\/\/elinformante.mx\/?p=98632"},"modified":"2026-01-19T07:03:13","modified_gmt":"2026-01-19T13:03:13","slug":"se-integra-la-parteria-al-modelo-de-salud-publica-citlalli-hernandez","status":"publish","type":"post","link":"https:\/\/elinformante.mx\/?p=98632","title":{"rendered":"Se integra la parter\u00eda al modelo de salud p\u00fablica: Citlalli Hern\u00e1ndez"},"content":{"rendered":"\n<figure class=\"wp-block-pullquote\"><blockquote><p>-Inform\u00f3 que se abri\u00f3 un centro en San Miguel de Allende que busca dignificar la labor de las parteras y mejorar la salud materna.<\/p><\/blockquote><\/figure>\n\n\n\n<p class=\"has-drop-cap\">La secretaria de las Mujeres, Citlalli Hern\u00e1ndez, inform\u00f3 que por primera vez en M\u00e9xico, la parter\u00eda fue reconocida oficialmente como parte del modelo de salud p\u00fablica, en un hecho que marca un cambio profundo en la manera en que concibe el Estado la atenci\u00f3n materna y reproductiva.<br><\/p>\n\n\n\n<p>Citlalli Hern\u00e1ndez destac\u00f3 que este reconocimiento busca fortalecer la atenci\u00f3n primaria, prenatal y el acompa\u00f1amiento durante el parto desde una perspectiva m\u00e1s humana, cercana y con enfoque de derechos.<br><\/p>\n\n\n\n<p>A trav\u00e9s de redes sociales, se\u00f1al\u00f3 que este paso representa un reconocimiento largamente esperado para una pr\u00e1ctica que, durante d\u00e9cadas, ha sostenido la materna en comunidades donde el acceso a hospitales es limitado.<br><\/p>\n\n\n\n<p>La inclusi\u00f3n de la parter\u00eda en el sistema p\u00fablico rompe con una historia de exclusi\u00f3n institucional y abre la puerta a un modelo de atenci\u00f3n m\u00e1s integral.<br><\/p>\n\n\n\n<p>Autoridades federales anunciaron la apertura del Centro de Excelencia en Parter\u00eda y Bienestar en San Miguel de Allende, Guanajuato. Este nuevo espacio estar\u00e1 enfocado en fortalecer la atenci\u00f3n preconcepcional, prenatal, el acompa\u00f1amiento durante el trabajo de parto y la salud materna integral.<br><\/p>\n\n\n\n<p>Funcionar\u00e1 como un centro de formaci\u00f3n y capacitaci\u00f3n profesional, donde se promover\u00e1 la ense\u00f1anza de la parter\u00eda desde un enfoque que articula la medicina institucional con los saberes tradicionales.<br><\/p>\n\n\n\n<p>El objetivo es consolidar un modelo que priorice el trato digno, la prevenci\u00f3n de riesgos y la reducci\u00f3n de la mortalidad materna, colocando a las mujeres en el centro de la atenci\u00f3n.<br><\/p>\n\n\n\n<p>La parter\u00eda en M\u00e9xico es una pr\u00e1ctica ancestral profundamente arraigada en la historia y cultura de los pueblos ind\u00edgenas y comunidades rurales.<br><\/p>\n\n\n\n<p>Sus conocimientos se han transmitido de generaci\u00f3n en generaci\u00f3n y abarcan la atenci\u00f3n integral del embarazo, el parto y el postparto, incluyendo aspectos f\u00edsicos, emocionales y culturales.<\/p>\n","protected":false},"excerpt":{"rendered":"<p>-Inform\u00f3 que se abri\u00f3 un centro en San Miguel de Allende que busca dignificar la labor de las parteras y mejorar la salud materna. La secretaria de las Mujeres, Citlalli Hern\u00e1ndez, inform\u00f3 que por primera vez en M\u00e9xico, la parter\u00eda fue reconocida oficialmente como parte del modelo de salud p\u00fablica, en un hecho que marca [&hellip;]<\/p>\n","protected":false},"author":1,"featured_media":98634,"comment_status":"closed","ping_status":"closed","sticky":false,"template":"","format":"standard","meta":{"footnotes":""},"categories":[30,34,31],"tags":[],"class_list":["post-98632","post","type-post","status-publish","format-standard","has-post-thumbnail","hentry","category-destacado","category-nacional","category-portada"],"_links":{"self":[{"href":"https:\/\/elinformante.mx\/index.php?rest_route=\/wp\/v2\/posts\/98632","targetHints":{"allow":["GET"]}}],"collection":[{"href":"https:\/\/elinformante.mx\/index.php?rest_route=\/wp\/v2\/posts"}],"about":[{"href":"https:\/\/elinformante.mx\/index.php?rest_route=\/wp\/v2\/types\/post"}],"author":[{"embeddable":true,"href":"https:\/\/elinformante.mx\/index.php?rest_route=\/wp\/v2\/users\/1"}],"replies":[{"embeddable":true,"href":"https:\/\/elinformante.mx\/index.php?rest_route=%2Fwp%2Fv2%2Fcomments&post=98632"}],"version-history":[{"count":0,"href":"https:\/\/elinformante.mx\/index.php?rest_route=\/wp\/v2\/posts\/98632\/revisions"}],"wp:featuredmedia":[{"embeddable":true,"href":"https:\/\/elinformante.mx\/index.php?rest_route=\/wp\/v2\/media\/98634"}],"wp:attachment":[{"href":"https:\/\/elinformante.mx\/index.php?rest_route=%2Fwp%2Fv2%2Fmedia&parent=98632"}],"wp:term":[{"taxonomy":"category","embeddable":true,"href":"https:\/\/elinformante.mx\/index.php?rest_route=%2Fwp%2Fv2%2Fcategories&post=98632"},{"taxonomy":"post_tag","embeddable":true,"href":"https:\/\/elinformante.mx\/index.php?rest_route=%2Fwp%2Fv2%2Ftags&post=98632"}],"curies":[{"name":"wp","href":"https:\/\/api.w.org\/{rel}","templated":true}]}}