{"id":98635,"date":"2026-01-19T07:09:34","date_gmt":"2026-01-19T13:09:34","guid":{"rendered":"https:\/\/elinformante.mx\/?p=98635"},"modified":"2026-01-19T07:09:39","modified_gmt":"2026-01-19T13:09:39","slug":"mara-lezama-llega-a-madrid","status":"publish","type":"post","link":"https:\/\/elinformante.mx\/?p=98635","title":{"rendered":"MARA LEZAMA LLEGA A MADRID"},"content":{"rendered":"\n<figure class=\"wp-block-pullquote\"><blockquote><p>-Presentar\u00e1 en FITUR 2026 la Campa\u00f1a de Promoci\u00f3n Tur\u00edstica de Quintana Roo.<\/p><\/blockquote><\/figure>\n\n\n\n<p class=\"has-drop-cap\">La gobernadora de Quintana Roo, Mara Lezama Espinosa, arrib\u00f3 a Madrid, Espa\u00f1a, para encabezar la delegaci\u00f3n del Caribe Mexicano en la Feria Internacional de Turismo (FITUR 2026).<br><\/p>\n\n\n\n<p>La gobernadora participar\u00e1 activamente en la feria del 21 al 25 de enero. En esta 46\u00aa edici\u00f3n, M\u00e9xico tiene un papel protag\u00f3nico como Pa\u00eds Socio, lo que otorga una proyecci\u00f3n hist\u00f3rica a los destinos del estado.<br><\/p>\n\n\n\n<figure class=\"wp-block-image size-large\"><img fetchpriority=\"high\" decoding=\"async\" width=\"1024\" height=\"506\" src=\"https:\/\/elinformante.mx\/wp-content\/uploads\/2026\/01\/9mara-4-1024x506.jpg\" alt=\"\" class=\"wp-image-98637\" srcset=\"https:\/\/elinformante.mx\/wp-content\/uploads\/2026\/01\/9mara-4-1024x506.jpg 1024w, https:\/\/elinformante.mx\/wp-content\/uploads\/2026\/01\/9mara-4-300x148.jpg 300w, https:\/\/elinformante.mx\/wp-content\/uploads\/2026\/01\/9mara-4-768x379.jpg 768w, https:\/\/elinformante.mx\/wp-content\/uploads\/2026\/01\/9mara-4.jpg 1140w\" sizes=\"(max-width: 1024px) 100vw, 1024px\" \/><\/figure>\n\n\n\n<p>En redes sociales comparti\u00f3 que ser\u00e1 hoy lunes cuando inicie sus reuniones de trabajo con la delegaci\u00f3n estatal en el marco de FITUR 2026, donde se busca presentar al mundo un modelo de turismo con prosperidad compartida, donde las y los quintanarroenses son protagonistas del \u00e9xito.<br><\/p>\n\n\n\n<p>Se tiene prevista la presentaci\u00f3n oficial de la Campa\u00f1a de Promoci\u00f3n Tur\u00edstica de Quintana Roo este mismo 19 de enero en el cine Yelmo Ideal de Madrid.<br><\/p>\n\n\n\n<figure class=\"wp-block-image size-large\"><img decoding=\"async\" width=\"1024\" height=\"506\" src=\"https:\/\/elinformante.mx\/wp-content\/uploads\/2026\/01\/9mara-3-1024x506.jpg\" alt=\"\" class=\"wp-image-98638\" srcset=\"https:\/\/elinformante.mx\/wp-content\/uploads\/2026\/01\/9mara-3-1024x506.jpg 1024w, https:\/\/elinformante.mx\/wp-content\/uploads\/2026\/01\/9mara-3-300x148.jpg 300w, https:\/\/elinformante.mx\/wp-content\/uploads\/2026\/01\/9mara-3-768x379.jpg 768w, https:\/\/elinformante.mx\/wp-content\/uploads\/2026\/01\/9mara-3.jpg 1140w\" sizes=\"(max-width: 1024px) 100vw, 1024px\" \/><\/figure>\n\n\n\n<p>Se\u00f1al\u00f3 que tienen como claro objetivo, impulsar en la FITUR, desde Madrid el turismo rural y deportivo, la inversi\u00f3n y nuevas alianzas con tour operadores, aerol\u00edneas y agencias de viaje.<br><\/p>\n\n\n\n<h2 class=\"wp-block-heading\">Busca fortalecer la presencia global de los 12 destinos de Quintana Roo a trav\u00e9s de:<br><\/h2>\n\n\n\n<figure class=\"wp-block-image size-large\"><img decoding=\"async\" width=\"1024\" height=\"506\" src=\"https:\/\/elinformante.mx\/wp-content\/uploads\/2026\/01\/9mara-2-1024x506.jpg\" alt=\"\" class=\"wp-image-98639\" srcset=\"https:\/\/elinformante.mx\/wp-content\/uploads\/2026\/01\/9mara-2-1024x506.jpg 1024w, https:\/\/elinformante.mx\/wp-content\/uploads\/2026\/01\/9mara-2-300x148.jpg 300w, https:\/\/elinformante.mx\/wp-content\/uploads\/2026\/01\/9mara-2-768x379.jpg 768w, https:\/\/elinformante.mx\/wp-content\/uploads\/2026\/01\/9mara-2.jpg 1140w\" sizes=\"(max-width: 1024px) 100vw, 1024px\" \/><\/figure>\n\n\n\n<ul class=\"wp-block-list\">\n<li>Inversiones y alianzas: Atracci\u00f3n de nuevos proyectos y fortalecimiento de acuerdos con empresas tur\u00edsticas internacionales.<br><\/li>\n\n\n\n<li>Conectividad: Impulsar nuevas rutas a\u00e9reas y aprovechar el impacto de eventos futuros como la Copa Mundial de F\u00fatbol para posicionar al estado como punto clave de conectividad.<br><\/li>\n\n\n\n<li>Sostenibilidad: Promover el modelo de turismo sustentable y desarrollo con prosperidad compartida bajo el \u201cNuevo Acuerdo\u201d estatal.<br><\/li>\n<\/ul>\n\n\n\n<p>Y es que, se\u00f1al\u00f3 Lezama, en un a\u00f1o marcado por el Mundial, el presentar esta nueva campa\u00f1a, enfocada en el Caribe mexicano, nos ayudar\u00e1 a presentar e impulsar el turismo.<br><\/p>\n\n\n\n<figure class=\"wp-block-image size-large\"><img loading=\"lazy\" decoding=\"async\" width=\"1024\" height=\"506\" src=\"https:\/\/elinformante.mx\/wp-content\/uploads\/2026\/01\/9mara-1024x506.jpg\" alt=\"\" class=\"wp-image-98640\" srcset=\"https:\/\/elinformante.mx\/wp-content\/uploads\/2026\/01\/9mara-1024x506.jpg 1024w, https:\/\/elinformante.mx\/wp-content\/uploads\/2026\/01\/9mara-300x148.jpg 300w, https:\/\/elinformante.mx\/wp-content\/uploads\/2026\/01\/9mara-768x379.jpg 768w, https:\/\/elinformante.mx\/wp-content\/uploads\/2026\/01\/9mara.jpg 1140w\" sizes=\"(max-width: 1024px) 100vw, 1024px\" \/><\/figure>\n\n\n\n<p>\u201cPorque aqu\u00ed comienzan los viajes del mundo hacia Quintana Roo\u201d, destac\u00f3.<br><\/p>\n\n\n\n<p>Previo a su viaje, Lezama se reuni\u00f3 en la Ciudad de M\u00e9xico con la presidenta Claudia Sheinbaum para alinear la estrategia de promoci\u00f3n y salud que se presentar\u00e1 en este foro internacional.<\/p>\n","protected":false},"excerpt":{"rendered":"<p>-Presentar\u00e1 en FITUR 2026 la Campa\u00f1a de Promoci\u00f3n Tur\u00edstica de Quintana Roo. La gobernadora de Quintana Roo, Mara Lezama Espinosa, arrib\u00f3 a Madrid, Espa\u00f1a, para encabezar la delegaci\u00f3n del Caribe Mexicano en la Feria Internacional de Turismo (FITUR 2026). La gobernadora participar\u00e1 activamente en la feria del 21 al 25 de enero. En esta 46\u00aa [&hellip;]<\/p>\n","protected":false},"author":1,"featured_media":98636,"comment_status":"closed","ping_status":"closed","sticky":false,"template":"","format":"standard","meta":{"footnotes":""},"categories":[30,34,31],"tags":[47],"class_list":["post-98635","post","type-post","status-publish","format-standard","has-post-thumbnail","hentry","category-destacado","category-nacional","category-portada","tag-portadanacional"],"_links":{"self":[{"href":"https:\/\/elinformante.mx\/index.php?rest_route=\/wp\/v2\/posts\/98635","targetHints":{"allow":["GET"]}}],"collection":[{"href":"https:\/\/elinformante.mx\/index.php?rest_route=\/wp\/v2\/posts"}],"about":[{"href":"https:\/\/elinformante.mx\/index.php?rest_route=\/wp\/v2\/types\/post"}],"author":[{"embeddable":true,"href":"https:\/\/elinformante.mx\/index.php?rest_route=\/wp\/v2\/users\/1"}],"replies":[{"embeddable":true,"href":"https:\/\/elinformante.mx\/index.php?rest_route=%2Fwp%2Fv2%2Fcomments&post=98635"}],"version-history":[{"count":0,"href":"https:\/\/elinformante.mx\/index.php?rest_route=\/wp\/v2\/posts\/98635\/revisions"}],"wp:featuredmedia":[{"embeddable":true,"href":"https:\/\/elinformante.mx\/index.php?rest_route=\/wp\/v2\/media\/98636"}],"wp:attachment":[{"href":"https:\/\/elinformante.mx\/index.php?rest_route=%2Fwp%2Fv2%2Fmedia&parent=98635"}],"wp:term":[{"taxonomy":"category","embeddable":true,"href":"https:\/\/elinformante.mx\/index.php?rest_route=%2Fwp%2Fv2%2Fcategories&post=98635"},{"taxonomy":"post_tag","embeddable":true,"href":"https:\/\/elinformante.mx\/index.php?rest_route=%2Fwp%2Fv2%2Ftags&post=98635"}],"curies":[{"name":"wp","href":"https:\/\/api.w.org\/{rel}","templated":true}]}}